{"id":16854,"date":"2023-06-21T18:15:06","date_gmt":"2023-06-21T23:15:06","guid":{"rendered":"https:\/\/podernacional.com\/?p=16854"},"modified":"2023-06-21T23:15:07","modified_gmt":"2023-06-21T23:15:07","slug":"mara-lezama-y-microsoft-impulsaran-la-inclusion-digital-de-las-mipymes-en-quintana-roo","status":"publish","type":"post","link":"https:\/\/podernacional.com\/?p=16854","title":{"rendered":"Mara Lezama y Microsoft impulsar\u00e1n la inclusi\u00f3n digital de las MiPymes en Quintana Roo"},"content":{"rendered":"<h4>Firma convenio con Microsoft para impulsar a la inclusi\u00f3n digital, el emprendimiento de las Mipymes y la modernizaci\u00f3n gubernamental.<\/h4>\n<p>Esto a trav\u00e9s de Pymes Digitales, Capacitaci\u00f3n Digital y Gobierno Digital.<\/p>\n<p>Se busca llegar a cada rinc\u00f3n del estado, principalmente a comunidades para que entren al comercio digital y lleven sus productos al mundo.<\/p>\n<p>Ciudad de M\u00e9xico \u2013 El Gobierno del Estado que encabeza Mara Lezama firm\u00f3 un convenio de colaboraci\u00f3n con Microsoft M\u00e9xico.<\/p>\n<p>As\u00ed como\u00a0con lo que sientan las bases para un futuro digital pr\u00f3spero en el estado con el impulso a la inclusi\u00f3n digital, el emprendimiento.<\/p>\n<p>Adem\u00e1s de\u00a0la modernizaci\u00f3n gubernamental en beneficio de las y los quintanarroenses.<\/p>\n<p>Mara Lezama y Microsoft impulsar\u00e1n la inclusi\u00f3n digital de las MiPymes en Quintana RooLa firma.<\/p>\n<p>El cual\u00a0que forma parte del Nuevo Acuerdo por el Bienestar y el Desarrollo de Quintana Roo.<\/p>\n<p>Adem\u00e1s de que permitir\u00e1 al Gobierno estatal acceder a los programas de filantr\u00f3picos de Microsoft en M\u00e9xico.<\/p>\n<p>Lugar en donde la compa\u00f1\u00eda enfocar sus esfuerzos para impulsar la educaci\u00f3n digital y el crecimiento econ\u00f3mico.<\/p>\n<p>Con el Acuerdo de Colaboraci\u00f3n se permitir\u00e1 el acceso a los programas filantr\u00f3picos en tres ejes fundamentales, Pymes Digitales.<\/p>\n<h4>Adem\u00e1s de la\u00a0Capacitaci\u00f3n Digital y Gobierno Digital.<\/h4>\n<p>El convenio de colaboraci\u00f3n se enfoca en tres pilares fundamentales.<\/p>\n<p>El primero es la Capacitaci\u00f3n Digital como parte del Plan Nacional de Microsoft.<\/p>\n<p>As\u00ed como\u00a0para buscar el empoderamiento de las comunidades y grupos vulnerables a trav\u00e9s de la inclusi\u00f3n digital.<\/p>\n<p>\u00abPymes Digitales\u00bb tiene como objetivo apoyar a las micro, peque\u00f1as y medianas empresas en su proceso de transformaci\u00f3n digital.<\/p>\n<p>A trav\u00e9s de capacitaciones, herramientas digitales, soluciones y financiamiento, se busca fortalecer su competitividad y crecimiento en el entorno digital.<\/p>\n<p>Se brindar\u00e1 capacitaci\u00f3n, acceso a internet y tecnolog\u00edas para fomentar el autoempleo y la creaci\u00f3n de micronegocios.<\/p>\n<p>Las mujeres emprendedoras recibir\u00e1n apoyo especial, incluyendo capacitaciones, acompa\u00f1amiento y acceso a cr\u00e9ditos.<\/p>\n<p>Esto\u00a0para impulsar sus productos y servicios en el \u00e1mbito digital.<\/p>\n<p>Mara Lezama y Microsoft impulsar\u00e1n la inclusi\u00f3n digital de las MiPymes en Quintana Roo.<\/p>\n<p>Por ende en el Programa \u00abGobierno Digital\u00bb, que estar\u00e1 dirigido a los Gobiernos locales.<\/p>\n<p>Este programa promueve la adopci\u00f3n de mejores pr\u00e1cticas en ciberseguridad, tr\u00e1mites digitales y mejora regulatoria.<\/p>\n<p>Se brindar\u00e1n capacitaciones, seminarios y certificaciones para impulsar la eficiencia y transparencia en la gesti\u00f3n gubernamental.<\/p>\n<p>Adem\u00e1s, el acuerdo incluye el acceso a los programas de Gobierno Digital \u00abeGovernment\u00bb de Microsoft.<\/p>\n<p>As\u00ed como\u00a0con los cuales se proporcionar\u00e1 capacitaci\u00f3n y acompa\u00f1amiento en el \u00e1mbito tecnol\u00f3gico.<\/p>\n<p>Adem\u00e1s que\u00a0para las distintas dependencias del Gobierno de Quintana Roo.<\/p>\n<p>La firma de convenio fue encabezada por la gobernadora Mara Lezama y el presidente y director general de Microsoft M\u00e9xico, Rafael S\u00e1nchez Loza.<\/p>\n","protected":false},"excerpt":{"rendered":"<p>Firma convenio con Microsoft para impulsar a la inclusi\u00f3n digital, el emprendimiento de las Mipymes y la modernizaci\u00f3n gubernamental. Esto a trav\u00e9s de Pymes Digitales, Capacitaci\u00f3n Digital y Gobierno Digital. Se busca llegar a cada rinc\u00f3n del estado, principalmente a comunidades para que entren al comercio digital y lleven sus productos al mundo. Ciudad de [&hellip;]<\/p>\n","protected":false},"author":1,"featured_media":16856,"comment_status":"open","ping_status":"closed","sticky":false,"template":"","format":"standard","meta":{"footnotes":""},"categories":[10],"tags":[],"class_list":["post-16854","post","type-post","status-publish","format-standard","has-post-thumbnail","hentry","category-quintana-roo"],"_links":{"self":[{"href":"https:\/\/podernacional.com\/index.php?rest_route=\/wp\/v2\/posts\/16854","targetHints":{"allow":["GET"]}}],"collection":[{"href":"https:\/\/podernacional.com\/index.php?rest_route=\/wp\/v2\/posts"}],"about":[{"href":"https:\/\/podernacional.com\/index.php?rest_route=\/wp\/v2\/types\/post"}],"author":[{"embeddable":true,"href":"https:\/\/podernacional.com\/index.php?rest_route=\/wp\/v2\/users\/1"}],"replies":[{"embeddable":true,"href":"https:\/\/podernacional.com\/index.php?rest_route=%2Fwp%2Fv2%2Fcomments&post=16854"}],"version-history":[{"count":1,"href":"https:\/\/podernacional.com\/index.php?rest_route=\/wp\/v2\/posts\/16854\/revisions"}],"predecessor-version":[{"id":16855,"href":"https:\/\/podernacional.com\/index.php?rest_route=\/wp\/v2\/posts\/16854\/revisions\/16855"}],"wp:featuredmedia":[{"embeddable":true,"href":"https:\/\/podernacional.com\/index.php?rest_route=\/wp\/v2\/media\/16856"}],"wp:attachment":[{"href":"https:\/\/podernacional.com\/index.php?rest_route=%2Fwp%2Fv2%2Fmedia&parent=16854"}],"wp:term":[{"taxonomy":"category","embeddable":true,"href":"https:\/\/podernacional.com\/index.php?rest_route=%2Fwp%2Fv2%2Fcategories&post=16854"},{"taxonomy":"post_tag","embeddable":true,"href":"https:\/\/podernacional.com\/index.php?rest_route=%2Fwp%2Fv2%2Ftags&post=16854"}],"curies":[{"name":"wp","href":"https:\/\/api.w.org\/{rel}","templated":true}]}}