{"id":16973,"date":"2023-06-26T16:28:58","date_gmt":"2023-06-26T21:28:58","guid":{"rendered":"https:\/\/podernacional.com\/?p=16973"},"modified":"2023-06-26T21:29:00","modified_gmt":"2023-06-26T21:29:00","slug":"fallece-el-general-maya-jose-isabel-sulub-cima-en-quintana-roo-a-los-86-anos","status":"publish","type":"post","link":"https:\/\/podernacional.com\/?p=16973","title":{"rendered":"Fallece el general maya Jos\u00e9 Isabel Sulub Cima en Quintana Roo, a los 86 a\u00f1os"},"content":{"rendered":"<h4>*** Fue dirigente del Centro Ceremonial de la Cruz Parlante y presidente del Gran Consejo Maya<\/h4>\n<p>*** El 1 de diciembre de 2018, entreg\u00f3 al presidente de M\u00e9xico, Andr\u00e9s Manuel L\u00f3pez Obrador.<\/p>\n<p>Por ende en\u00a0el bast\u00f3n de mando de los pueblos ind\u00edgenas de nuestro pa\u00eds<\/p>\n<p>La Secretar\u00eda de Cultura del Gobierno de M\u00e9xico y el Instituto Nacional de Antropolog\u00eda e Historia.<\/p>\n<p>Los cuales\u00a0lamentan el fallecimiento del general maya Jos\u00e9 Isabel Sulub Cima, a los 86 a\u00f1os, en Quintana Roo.<\/p>\n<p>Fue dirigente del Centro Ceremonial de la Cruz Parlante de Felipe Carrillo Puerto y presidente del Consejo Maya.<\/p>\n<p>Adem\u00e1s, es nieto del teniente Evaristo Sulub, quien, en 1933, present\u00f3 el \u00faltimo combate del movimiento se surgi\u00f3 en 1847, conocido como Guerra de Castas.<\/p>\n<p>Sulub Cim\u00e1 tambi\u00e9n ser\u00e1 rememorado porque particip\u00f3 en la investidura presidencial del actual mandatario de M\u00e9xico.<\/p>\n<p>Por ende, Andr\u00e9s Manuel L\u00f3pez Obrador, el 1 de diciembre de 2018, al entregar el bast\u00f3n de mando de los pueblos ind\u00edgenas de nuestro pa\u00eds.<\/p>\n<p>Sin embargo, por ese acto fue degradado a soldado por los dignatarios mayas por haber actuado sin consentimiento.<\/p>\n<p>A lo largo de su vida, se mantuvo comprometido con la preservaci\u00f3n de las tradiciones y el empoderamiento de su pueblo.<\/p>\n<h4>Esto\u00a0aunque aquel acto de investidura referido tambi\u00e9n le trajo su destituci\u00f3n como l\u00edder del Gran Consejo.<\/h4>\n<p>Adem\u00e1s de que\u00a0en febrero de 2019, sigui\u00f3 siendo un referente de la identidad maya.<\/p>\n<p>Una de las personas que le mostr\u00f3 un gran respeto es el presidente de M\u00e9xico, Andr\u00e9s Manuel L\u00f3pez Obrador.<\/p>\n<p>As\u00ed como de\u00a0quien el 24 de febrero de 2019, al encabezar la ceremonia del D\u00eda de la Bandera en Chetumal, Quintana Roo.<\/p>\n<p>Por ende se reconoci\u00f3 p\u00fablicamente a Jos\u00e9 Isabel como representante del pueblo maya.<\/p>\n<p>Posteriormente, dicho t\u00edtulo le fue ratificado en el Foro de Consulta de los Pueblos Ind\u00edgenas y Afromexicanos.<\/p>\n<p>El cual est\u00e1\u00a0realizado por el Instituto Nacional de los Pueblos Ind\u00edgenas (INPI) en Felipe Carrillo Puerto, el 16 de marzo de 2019.<\/p>\n<p>Como jefe-abuelo, Jos\u00e9 Isabel particip\u00f3 en la traducci\u00f3n de la Constituci\u00f3n del Estado de Quintana Roo a la lengua maya.<\/p>\n<p>Dicho\u00a0proyecto impulsado por el ya tambi\u00e9n finado legislador Luis Alegre, el cual fue presentado en diciembre de 2020 en el Congreso de la Uni\u00f3n.<\/p>\n<p>Asimismo, se le invit\u00f3 de forma especial a la ceremonia en la que el presidente de M\u00e9xico -a nombre del Gobierno de M\u00e9xico\u00ad\u00ad- .<\/p>\n<p>El cual ofreci\u00f3 una disculpa p\u00fablica al pueblo maya por los agravios causados en el pasado.<\/p>\n<p>Dicho\u00a0acto que se realiz\u00f3 en Felipe Carrillo Puerto el 3 de mayo de 2021.<\/p>\n<p>A finales de noviembre de 2022, el general maya fue hospitalizado en un centro m\u00e9dico de M\u00e9rida, Yucat\u00e1n, y esta madrugada se inform\u00f3 su fallecimiento.<\/p>\n<p>Haciendo honor a su linaje, Jos\u00e9 Isabel Sulub Cima dejar\u00e1 como impronta la lucha por mantener viva la tradici\u00f3n aut\u00f3ctona de su pueblo.<\/p>\n<p>Adem\u00e1s del orgullo de ser maya, ya que siempre port\u00f3 con dignidad su indumentaria tradicional.<\/p>\n","protected":false},"excerpt":{"rendered":"<p>*** Fue dirigente del Centro Ceremonial de la Cruz Parlante y presidente del Gran Consejo Maya *** El 1 de diciembre de 2018, entreg\u00f3 al presidente de M\u00e9xico, Andr\u00e9s Manuel L\u00f3pez Obrador. Por ende en\u00a0el bast\u00f3n de mando de los pueblos ind\u00edgenas de nuestro pa\u00eds La Secretar\u00eda de Cultura del Gobierno de M\u00e9xico y el [&hellip;]<\/p>\n","protected":false},"author":1,"featured_media":16975,"comment_status":"open","ping_status":"closed","sticky":false,"template":"","format":"standard","meta":{"footnotes":""},"categories":[10],"tags":[],"class_list":["post-16973","post","type-post","status-publish","format-standard","has-post-thumbnail","hentry","category-quintana-roo"],"_links":{"self":[{"href":"https:\/\/podernacional.com\/index.php?rest_route=\/wp\/v2\/posts\/16973","targetHints":{"allow":["GET"]}}],"collection":[{"href":"https:\/\/podernacional.com\/index.php?rest_route=\/wp\/v2\/posts"}],"about":[{"href":"https:\/\/podernacional.com\/index.php?rest_route=\/wp\/v2\/types\/post"}],"author":[{"embeddable":true,"href":"https:\/\/podernacional.com\/index.php?rest_route=\/wp\/v2\/users\/1"}],"replies":[{"embeddable":true,"href":"https:\/\/podernacional.com\/index.php?rest_route=%2Fwp%2Fv2%2Fcomments&post=16973"}],"version-history":[{"count":1,"href":"https:\/\/podernacional.com\/index.php?rest_route=\/wp\/v2\/posts\/16973\/revisions"}],"predecessor-version":[{"id":16974,"href":"https:\/\/podernacional.com\/index.php?rest_route=\/wp\/v2\/posts\/16973\/revisions\/16974"}],"wp:featuredmedia":[{"embeddable":true,"href":"https:\/\/podernacional.com\/index.php?rest_route=\/wp\/v2\/media\/16975"}],"wp:attachment":[{"href":"https:\/\/podernacional.com\/index.php?rest_route=%2Fwp%2Fv2%2Fmedia&parent=16973"}],"wp:term":[{"taxonomy":"category","embeddable":true,"href":"https:\/\/podernacional.com\/index.php?rest_route=%2Fwp%2Fv2%2Fcategories&post=16973"},{"taxonomy":"post_tag","embeddable":true,"href":"https:\/\/podernacional.com\/index.php?rest_route=%2Fwp%2Fv2%2Ftags&post=16973"}],"curies":[{"name":"wp","href":"https:\/\/api.w.org\/{rel}","templated":true}]}}