{"id":16976,"date":"2023-06-26T16:33:16","date_gmt":"2023-06-26T21:33:16","guid":{"rendered":"https:\/\/podernacional.com\/?p=16976"},"modified":"2023-06-26T21:33:18","modified_gmt":"2023-06-26T21:33:18","slug":"renuncia-oscar-montes-de-oca-a-la-fiscalia-de-quintana-roo","status":"publish","type":"post","link":"https:\/\/podernacional.com\/?p=16976","title":{"rendered":"Renuncia \u00d3scar Montes de Oca a la Fiscal\u00eda de Quintana Roo"},"content":{"rendered":"<h4>La gobernadora estatal, Mara Lezama, dio a conocer que Raciel L\u00f3pez Salazar qued\u00f3 como fiscal interino<\/h4>\n<p>\u00d3scar Montes de Oca Rosales present\u00f3 su renuncia a la titularidad de la Fiscal\u00eda General del Estado de Quintana Roo.<\/p>\n<p>Esto\u00a0a poco m\u00e1s de cuatro a\u00f1os de haber asumido el cargo. Lo anterior por \u201cmotivos estrictamente personales\u201d.<\/p>\n<p>Mediante una misiva dirigida a la gobernadora estatal Mara Lezama Espinosa, el ex fiscal dio a conocer su dimisi\u00f3n este lunes 26 de junio.<\/p>\n<p>Por lo que agredeci\u00f3 a la morenista haber depositado su confianza en \u00e9l para la procuraci\u00f3n de justicia en la entidad.<\/p>\n<p>\u201cLe manifiesto que, para el suscrito, ha sido uno de los m\u00e1s altos honores como funcionario p\u00fablico\u201d.<\/p>\n<p>\u201cYa que el\u00a0haber servido a la ciudadan\u00eda quintanarroense y a sus visitantes\u201d.<\/p>\n<p>En ese sentido, agradezco la confianza que deposit\u00f3 en mi persona para sumarme a los esfuerzos institucionales del Gobierno que usted encabeza\u201d, expres\u00f3.<\/p>\n<p>En ese sentido, Montes de Oca asegur\u00f3 que durante el tiempo que encabez\u00f3 la Fiscal\u00eda cumpli\u00f3:<\/p>\n<p>\u201cCon responsabilidad y ah\u00ednco\u201d el desempe\u00f1o de sus funciones, aunque reconoci\u00f3 que a\u00fan \u201cqueda mucho por hacer\u201d.<\/p>\n<p>As\u00ed como\u00a0para garantizar que las mujeres, ni\u00f1as, ni\u00f1os, adolescentes y grupos vulnerables en Quintana Roo tengan acceso a la justicia.<\/p>\n<p>\u201cS\u00e9 que con el alto compromiso que usted ha asumido en el marco del Nuevo Acuerdo por el Bienestar y Desarrollo de Quintana Roo.<\/p>\n<p>Adem\u00e1s de que\u00a0se lograr\u00e1 avanzar en los retos que se tienen por delante en la coordinaci\u00f3n con los dem\u00e1s poderes del Estado\u201d.<\/p>\n<h4>Adem\u00e1s de que\u00a0agreg\u00f3 el maestro Montes de Oca.<\/h4>\n<p>Por su parte, la Fiscal\u00eda estatal indic\u00f3 que las actividades y servicios contin\u00faan operando de manera normal.<\/p>\n<p>Por su parte, la gobernadora Mara Lezama inform\u00f3 que recibi\u00f3 y acept\u00f3 la renuncia de \u00d3scar Montes de Oca.<\/p>\n<p>Adem\u00e1s que a quien agradeci\u00f3 por el desempe\u00f1o de sus funciones.<\/p>\n<p>\u201cPor el momento, queda a cargo del despacho el licenciado Raciel L\u00f3pez Salazar como fiscal interino\u201d, detall\u00f3 Mara Lezama.<\/p>\n<p>Asimismo, solicit\u00f3 \u201crespetuosamente\u201d al Congreso del Estado analizar los perfiles profesionales que podr\u00edan encabezar dicho organismo de manera permanente.<\/p>\n<p>Tambi\u00e9n inform\u00f3 sobre la renuncia de Rub\u00e9n Oyarvide Pedrero a la titularidad de la Secretar\u00eda de Seguridad Ciudadana (SSC).<\/p>\n<p>En su lugar qued\u00f3 el capit\u00e1n de nav\u00edo Julio C\u00e9sar G\u00f3mez Torres, quien \u201ccuenta con una amplia experiencia y conocimiento\u201d en su \u00e1rea, se\u00f1al\u00f3.<\/p>\n<h4>Qui\u00e9n es \u00d3scar Montes de Oca<\/h4>\n<p>De Oca Rosales realiz\u00f3 sus estudios de nivel superior en la Facultad de Derecho de la Universidad Nacional Aut\u00f3noma de M\u00e9xico (UNAM).<\/p>\n<p>Posteriormente hizo una Maestr\u00eda en Pol\u00edtica Criminal por el Instituto Nacional de Ciencias Penales de la entonces Procuradur\u00eda General de la Rep\u00fablica (PGR).<\/p>\n<p>Aunado a ello, curs\u00f3 otro par de Maestr\u00edas en Ciencias Penales con especialidad en Ciencia Jur\u00eddico Penal y en Derecho Procesal.<\/p>\n<p>Adem\u00e1s que\u00a0por el Instituto de Estudios Superiores en Derecho Penal.<\/p>\n<p>Durante su trayectoria acad\u00e9mica tambi\u00e9n realiz\u00f3 una especialidad en Juicios Orales por la Escuela Libre de Derecho.<\/p>\n<p>Al igual que es\u00a0un Doctorado en Derecho Constitucional y Penal.<\/p>\n<p>En cuanto al sector p\u00fablico, Montes de Oca se desempe\u00f1\u00f3 como Fiscal de la Agencia Central de Investigaciones.<\/p>\n<p>De la ahora Fiscal\u00eda General de Justicia de la Ciudad de M\u00e9xico (CDMX) entre agosto de 2008 y marzo de 2010.<\/p>\n<p>Posteriormente y hasta diciembre de 2012 ocup\u00f3 el cargo de Fiscal Especial de Investigaci\u00f3n para la Atenci\u00f3n del Delito de Secuestro en la misma instituci\u00f3n.<\/p>\n<p>De 2013 a agosto de 2017 fue Subprocurador de Averiguaciones Previas Desconcetradas de la entonces Procuradur\u00eda capitalina.<\/p>\n<p>En diciembre de 2018 fue nombrado como Fiscal general del estado de Quintana Roo.<\/p>\n","protected":false},"excerpt":{"rendered":"<p>La gobernadora estatal, Mara Lezama, dio a conocer que Raciel L\u00f3pez Salazar qued\u00f3 como fiscal interino \u00d3scar Montes de Oca Rosales present\u00f3 su renuncia a la titularidad de la Fiscal\u00eda General del Estado de Quintana Roo. Esto\u00a0a poco m\u00e1s de cuatro a\u00f1os de haber asumido el cargo. Lo anterior por \u201cmotivos estrictamente personales\u201d. Mediante una [&hellip;]<\/p>\n","protected":false},"author":1,"featured_media":16978,"comment_status":"open","ping_status":"closed","sticky":false,"template":"","format":"standard","meta":{"footnotes":""},"categories":[10],"tags":[],"class_list":["post-16976","post","type-post","status-publish","format-standard","has-post-thumbnail","hentry","category-quintana-roo"],"_links":{"self":[{"href":"https:\/\/podernacional.com\/index.php?rest_route=\/wp\/v2\/posts\/16976","targetHints":{"allow":["GET"]}}],"collection":[{"href":"https:\/\/podernacional.com\/index.php?rest_route=\/wp\/v2\/posts"}],"about":[{"href":"https:\/\/podernacional.com\/index.php?rest_route=\/wp\/v2\/types\/post"}],"author":[{"embeddable":true,"href":"https:\/\/podernacional.com\/index.php?rest_route=\/wp\/v2\/users\/1"}],"replies":[{"embeddable":true,"href":"https:\/\/podernacional.com\/index.php?rest_route=%2Fwp%2Fv2%2Fcomments&post=16976"}],"version-history":[{"count":1,"href":"https:\/\/podernacional.com\/index.php?rest_route=\/wp\/v2\/posts\/16976\/revisions"}],"predecessor-version":[{"id":16977,"href":"https:\/\/podernacional.com\/index.php?rest_route=\/wp\/v2\/posts\/16976\/revisions\/16977"}],"wp:featuredmedia":[{"embeddable":true,"href":"https:\/\/podernacional.com\/index.php?rest_route=\/wp\/v2\/media\/16978"}],"wp:attachment":[{"href":"https:\/\/podernacional.com\/index.php?rest_route=%2Fwp%2Fv2%2Fmedia&parent=16976"}],"wp:term":[{"taxonomy":"category","embeddable":true,"href":"https:\/\/podernacional.com\/index.php?rest_route=%2Fwp%2Fv2%2Fcategories&post=16976"},{"taxonomy":"post_tag","embeddable":true,"href":"https:\/\/podernacional.com\/index.php?rest_route=%2Fwp%2Fv2%2Ftags&post=16976"}],"curies":[{"name":"wp","href":"https:\/\/api.w.org\/{rel}","templated":true}]}}