{"id":17217,"date":"2023-07-06T23:59:02","date_gmt":"2023-07-07T04:59:02","guid":{"rendered":"https:\/\/podernacional.com\/?p=17217"},"modified":"2023-07-07T04:59:21","modified_gmt":"2023-07-07T04:59:21","slug":"bomba-en-el-futbol-mexicano-zinedine-zidane-se-convertira-en-el-proximo-entrenador-de-la-seleccion-nacional","status":"publish","type":"post","link":"https:\/\/podernacional.com\/?p=17217","title":{"rendered":"\u00a1Bomba en el f\u00fatbol mexicano! \u00bfZinedine Zidane se convertir\u00e1 en el pr\u00f3ximo entrenador de la Selecci\u00f3n Nacional?"},"content":{"rendered":"<p>El futuro del banquillo de la Selecci\u00f3n Nacional de M\u00e9xico se encuentra en discusi\u00f3n y se han mencionado varios nombres como posibles candidatos. Entre ellos se encuentra el franc\u00e9s Zinedine Zidane, exentrenador del Real Madrid y reconocido multicampe\u00f3n de la Liga de Campeones.<\/p>\n<p>Seg\u00fan informes filtrados y publicados por el sitio FootballTransfers, los directivos de la Federaci\u00f3n Mexicana de F\u00fatbol (FMF) estar\u00edan considerando a Zidane como una opci\u00f3n atractiva para ocupar el puesto de director t\u00e9cnico del combinado azteca. Aunque Zidane no cuenta con experiencia previa como seleccionador, su exitosa trayectoria como entrenador y su renombre en el mundo del f\u00fatbol lo convierten en un candidato interesante para la FMF.<\/p>\n<p>La FMF, encabezada por Juan Carlos \u00abLa Bomba\u00bb Rodr\u00edguez como comisionado presidente, busca fortalecer su estructura y realizar un proceso exhaustivo de selecci\u00f3n para encontrar al t\u00e9cnico ideal que pueda liderar a la Selecci\u00f3n Nacional. A pesar de que Zidane ha expresado su deseo de volver a dirigir, parece poco probable que su prioridad sea dirigir a la selecci\u00f3n mexicana, ya que su enfoque principal podr\u00eda estar en dirigir a la selecci\u00f3n de Francia. No obstante, se espera que se realicen conversaciones y sondeos con el franc\u00e9s, tal como afirma el medio mencionado.<\/p>\n<p>La incertidumbre sobre qui\u00e9n ser\u00e1 el pr\u00f3ximo entrenador de la Selecci\u00f3n Nacional de M\u00e9xico persiste, y la FMF parece estar considerando diferentes opciones, incluyendo a entrenadores de renombre internacional como Zinedine Zidane. Habr\u00e1 que esperar para conocer el desenlace y ver si finalmente Zidane muestra inter\u00e9s en asumir el cargo o si la FMF opta por otro candidato.<\/p>\n","protected":false},"excerpt":{"rendered":"<p>El futuro del banquillo de la Selecci\u00f3n Nacional de M\u00e9xico se encuentra en discusi\u00f3n y se han mencionado varios nombres como posibles candidatos. Entre ellos se encuentra el franc\u00e9s Zinedine Zidane, exentrenador del Real Madrid y reconocido multicampe\u00f3n de la Liga de Campeones. Seg\u00fan informes filtrados y publicados por el sitio FootballTransfers, los directivos de [&hellip;]<\/p>\n","protected":false},"author":1,"featured_media":17219,"comment_status":"open","ping_status":"closed","sticky":false,"template":"","format":"standard","meta":{"footnotes":""},"categories":[3],"tags":[],"class_list":["post-17217","post","type-post","status-publish","format-standard","has-post-thumbnail","hentry","category-deportes"],"_links":{"self":[{"href":"https:\/\/podernacional.com\/index.php?rest_route=\/wp\/v2\/posts\/17217","targetHints":{"allow":["GET"]}}],"collection":[{"href":"https:\/\/podernacional.com\/index.php?rest_route=\/wp\/v2\/posts"}],"about":[{"href":"https:\/\/podernacional.com\/index.php?rest_route=\/wp\/v2\/types\/post"}],"author":[{"embeddable":true,"href":"https:\/\/podernacional.com\/index.php?rest_route=\/wp\/v2\/users\/1"}],"replies":[{"embeddable":true,"href":"https:\/\/podernacional.com\/index.php?rest_route=%2Fwp%2Fv2%2Fcomments&post=17217"}],"version-history":[{"count":1,"href":"https:\/\/podernacional.com\/index.php?rest_route=\/wp\/v2\/posts\/17217\/revisions"}],"predecessor-version":[{"id":17218,"href":"https:\/\/podernacional.com\/index.php?rest_route=\/wp\/v2\/posts\/17217\/revisions\/17218"}],"wp:featuredmedia":[{"embeddable":true,"href":"https:\/\/podernacional.com\/index.php?rest_route=\/wp\/v2\/media\/17219"}],"wp:attachment":[{"href":"https:\/\/podernacional.com\/index.php?rest_route=%2Fwp%2Fv2%2Fmedia&parent=17217"}],"wp:term":[{"taxonomy":"category","embeddable":true,"href":"https:\/\/podernacional.com\/index.php?rest_route=%2Fwp%2Fv2%2Fcategories&post=17217"},{"taxonomy":"post_tag","embeddable":true,"href":"https:\/\/podernacional.com\/index.php?rest_route=%2Fwp%2Fv2%2Ftags&post=17217"}],"curies":[{"name":"wp","href":"https:\/\/api.w.org\/{rel}","templated":true}]}}