{"id":17250,"date":"2023-07-08T11:58:57","date_gmt":"2023-07-08T16:58:57","guid":{"rendered":"https:\/\/podernacional.com\/?p=17250"},"modified":"2023-07-08T16:59:15","modified_gmt":"2023-07-08T16:59:15","slug":"mexico-implanta-nuevo-record-en-juegos-centroamericanos","status":"publish","type":"post","link":"https:\/\/podernacional.com\/?p=17250","title":{"rendered":"M\u00e9xico implanta nuevo r\u00e9cord en Juegos Centroamericanos"},"content":{"rendered":"<p>La delegaci\u00f3n azteca culmin\u00f3 con 142 preseas doradas el pen\u00faltimo d\u00eda de actividades en los Juegos Centroamericanos de San Salvador 2023, y no solamente excedi\u00f3 lo hecho en Barranquilla 2018 (134 oros), sino que tambi\u00e9n bati\u00f3 la marca conseguida en 2002, donde se cosecharon 138 metales \u00e1ureos.<\/p>\n<p>El equipo de taekwondo conformado por Carlos Navarro, Iker Casillas y Rub\u00e9n Nava fueron los encargados de sumar la anhelada medalla de color dorado n\u00famero 132 y objetivo de la delegaci\u00f3n mexicana, esto luego de superar en la final al conjunto colombiano 76-57.<\/p>\n<p>A un d\u00eda de la clausura de los\u00a0Juegos Centroamericano\u00a0celebrados en\u00a0El Salvador,\u00a0los atletas mexicanos cerraron de la mejor forma posible con 40 medallas m\u00e1s, destacando 15 de oro, 13 de plata y 12 de bronce.<br \/>\nM\u00e9xico\u00a0ya afianz\u00f3 la cima del medallero, pues casi doblega a su similar de\u00a0Colombia, quien termin\u00f3 este viernes con 86 metales dorados, sin embargo, esto no sorprende, ya que a lo largo de 24 ediciones de los\u00a0Juegos Centroamericanos y del Caribe, la delegaci\u00f3n de deportistas aztecas ha terminado por encima de la tabla de preseas de 13 ocasiones, incluyendo ya la de este 2023.<br \/>\nCon esto, los tricolores se convierten en bicampeones de los\u00a0Juegos Centroamericanos y del Caribe, puesto que en 2018 tambi\u00e9n quedaron en el pelda\u00f1o m\u00e1s alto tras conseguir 132 medallas de oro, 118 de plata y 91 de bronce. La \u00faltima vez que\u00a0M\u00e9xico\u00a0domin\u00f3 la competencia de manera consecutiva fue en\u00a0Guatemala 1950,\u00a0M\u00e9xico 1954,\u00a0Caracas 1959,\u00a0Kingston 1962\u00a0y\u00a0San Juan 1966.<\/p>\n","protected":false},"excerpt":{"rendered":"<p>La delegaci\u00f3n azteca culmin\u00f3 con 142 preseas doradas el pen\u00faltimo d\u00eda de actividades en los Juegos Centroamericanos de San Salvador 2023, y no solamente excedi\u00f3 lo hecho en Barranquilla 2018 (134 oros), sino que tambi\u00e9n bati\u00f3 la marca conseguida en 2002, donde se cosecharon 138 metales \u00e1ureos. El equipo de taekwondo conformado por Carlos Navarro, [&hellip;]<\/p>\n","protected":false},"author":1,"featured_media":17252,"comment_status":"open","ping_status":"closed","sticky":false,"template":"","format":"standard","meta":{"footnotes":""},"categories":[3],"tags":[],"class_list":["post-17250","post","type-post","status-publish","format-standard","has-post-thumbnail","hentry","category-deportes"],"_links":{"self":[{"href":"https:\/\/podernacional.com\/index.php?rest_route=\/wp\/v2\/posts\/17250","targetHints":{"allow":["GET"]}}],"collection":[{"href":"https:\/\/podernacional.com\/index.php?rest_route=\/wp\/v2\/posts"}],"about":[{"href":"https:\/\/podernacional.com\/index.php?rest_route=\/wp\/v2\/types\/post"}],"author":[{"embeddable":true,"href":"https:\/\/podernacional.com\/index.php?rest_route=\/wp\/v2\/users\/1"}],"replies":[{"embeddable":true,"href":"https:\/\/podernacional.com\/index.php?rest_route=%2Fwp%2Fv2%2Fcomments&post=17250"}],"version-history":[{"count":1,"href":"https:\/\/podernacional.com\/index.php?rest_route=\/wp\/v2\/posts\/17250\/revisions"}],"predecessor-version":[{"id":17251,"href":"https:\/\/podernacional.com\/index.php?rest_route=\/wp\/v2\/posts\/17250\/revisions\/17251"}],"wp:featuredmedia":[{"embeddable":true,"href":"https:\/\/podernacional.com\/index.php?rest_route=\/wp\/v2\/media\/17252"}],"wp:attachment":[{"href":"https:\/\/podernacional.com\/index.php?rest_route=%2Fwp%2Fv2%2Fmedia&parent=17250"}],"wp:term":[{"taxonomy":"category","embeddable":true,"href":"https:\/\/podernacional.com\/index.php?rest_route=%2Fwp%2Fv2%2Fcategories&post=17250"},{"taxonomy":"post_tag","embeddable":true,"href":"https:\/\/podernacional.com\/index.php?rest_route=%2Fwp%2Fv2%2Ftags&post=17250"}],"curies":[{"name":"wp","href":"https:\/\/api.w.org\/{rel}","templated":true}]}}