{"id":17286,"date":"2023-07-10T14:04:26","date_gmt":"2023-07-10T19:04:26","guid":{"rendered":"https:\/\/podernacional.com\/?p=17286"},"modified":"2023-07-10T19:04:34","modified_gmt":"2023-07-10T19:04:34","slug":"mexico-promovera-su-cultura-y-gastronomia-durante-la-comic-con-de-san-diego","status":"publish","type":"post","link":"https:\/\/podernacional.com\/?p=17286","title":{"rendered":"M\u00e9xico promover\u00e1 su cultura y gastronom\u00eda durante la Comic-Con de San Diego"},"content":{"rendered":"<h4 class=\"subheadline\" style=\"text-align: center;\">La Casa M\u00e9xico regresa con la obra del fallecido caricaturista y escritor Rius. La exhibici\u00f3n est\u00e1 conformada con material proveniente del Museo del Estanquillo de la Ciudad de M\u00e9xico, que tambi\u00e9n resguarda actualmente la colecci\u00f3n del escritor Carlos Monsiv\u00e1is.<\/h4>\n<div class=\"byline\">\n<div class=\"authors\">\n<p>La obra del fallecido caricaturista mexicano Eduardo Humberto del R\u00edo Garc\u00eda, mejor conocido como\u00a0<i>Rius<\/i>, ser\u00e1 celebrada en un espacio que por segundo a\u00f1o consecutivo busca promover la cultura y gastronom\u00eda mexicana en el marco de la Comic-Con.<\/p>\n<p>La Casa M\u00e9xico \u2014que es ajena a la\u00a0<i>House of Mexico<\/i>\u00a0ubicada en el Parque Balboa\u2014 regresa a Seaport Village con actividades durante los cuatro d\u00edas \u2014del 20 al 23 de julio\u2014 de la convenci\u00f3n. La entrada es gratuita y no se requiere de boleto para ingresar.<\/p>\n<p>La tem\u00e1tica este a\u00f1o ser\u00e1 la obra del escritor, historietista y caricaturista pol\u00edtico, Rius, qui\u00e9n falleci\u00f3 en 2017.<\/p>\n<p>La exhibici\u00f3n est\u00e1 conformada con material proveniente del Museo del Estanquillo de la Ciudad de M\u00e9xico, que tambi\u00e9n resguarda actualmente la colecci\u00f3n del escritor Carlos Monsiv\u00e1is.<\/p>\n<p>Casa M\u00e9xico contar\u00e1 con presentaciones musicales en vivo, desde mariachi, ballet folcl\u00f3rico y cantantes de la \u00d3pera de San Diego. El programa completo puede consultarse en el portal\u00a0mexicogotme.com\/.<\/p>\n<p>\u201cCon una nueva suite de hospitalidad en Seaport Village, la Casa M\u00e9xico durante Comic-Con representa una gran oportunidad para mostrar una imagen positiva de nuestro pa\u00eds, presentando la obra de Rius y a los estados de Nayarit y Baja California, con sus principales destinos tur\u00edsticos\u201d, dijo Carlos Gonz\u00e1lez Guti\u00e9rrez, c\u00f3nsul general de M\u00e9xico en un comunicado.<\/p>\n<p>En 2022 se realiz\u00f3\u00a0la primera Casa M\u00e9xico, en aquella ocasi\u00f3n con el caricaturista Jos\u00e9 Trinidad Camacho, mejor conocido como\u00a0<i>Trino<\/i>, como su artista invitado.<\/p>\n<\/div>\n<\/div>\n","protected":false},"excerpt":{"rendered":"<p>La Casa M\u00e9xico regresa con la obra del fallecido caricaturista y escritor Rius. La exhibici\u00f3n est\u00e1 conformada con material proveniente del Museo del Estanquillo de la Ciudad de M\u00e9xico, que tambi\u00e9n resguarda actualmente la colecci\u00f3n del escritor Carlos Monsiv\u00e1is. La obra del fallecido caricaturista mexicano Eduardo Humberto del R\u00edo Garc\u00eda, mejor conocido como\u00a0Rius, ser\u00e1 celebrada [&hellip;]<\/p>\n","protected":false},"author":1,"featured_media":17288,"comment_status":"open","ping_status":"closed","sticky":false,"template":"","format":"standard","meta":{"footnotes":""},"categories":[7],"tags":[],"class_list":["post-17286","post","type-post","status-publish","format-standard","has-post-thumbnail","hentry","category-nacional"],"_links":{"self":[{"href":"https:\/\/podernacional.com\/index.php?rest_route=\/wp\/v2\/posts\/17286","targetHints":{"allow":["GET"]}}],"collection":[{"href":"https:\/\/podernacional.com\/index.php?rest_route=\/wp\/v2\/posts"}],"about":[{"href":"https:\/\/podernacional.com\/index.php?rest_route=\/wp\/v2\/types\/post"}],"author":[{"embeddable":true,"href":"https:\/\/podernacional.com\/index.php?rest_route=\/wp\/v2\/users\/1"}],"replies":[{"embeddable":true,"href":"https:\/\/podernacional.com\/index.php?rest_route=%2Fwp%2Fv2%2Fcomments&post=17286"}],"version-history":[{"count":1,"href":"https:\/\/podernacional.com\/index.php?rest_route=\/wp\/v2\/posts\/17286\/revisions"}],"predecessor-version":[{"id":17287,"href":"https:\/\/podernacional.com\/index.php?rest_route=\/wp\/v2\/posts\/17286\/revisions\/17287"}],"wp:featuredmedia":[{"embeddable":true,"href":"https:\/\/podernacional.com\/index.php?rest_route=\/wp\/v2\/media\/17288"}],"wp:attachment":[{"href":"https:\/\/podernacional.com\/index.php?rest_route=%2Fwp%2Fv2%2Fmedia&parent=17286"}],"wp:term":[{"taxonomy":"category","embeddable":true,"href":"https:\/\/podernacional.com\/index.php?rest_route=%2Fwp%2Fv2%2Fcategories&post=17286"},{"taxonomy":"post_tag","embeddable":true,"href":"https:\/\/podernacional.com\/index.php?rest_route=%2Fwp%2Fv2%2Ftags&post=17286"}],"curies":[{"name":"wp","href":"https:\/\/api.w.org\/{rel}","templated":true}]}}