{"id":173,"date":"2020-06-03T23:27:37","date_gmt":"2020-06-03T23:27:37","guid":{"rendered":"http:\/\/whatsappcancun.com\/?p=173"},"modified":"2020-06-03T23:27:37","modified_gmt":"2020-06-03T23:27:37","slug":"pantallas-en-negro-en-honor-a-george-floyd","status":"publish","type":"post","link":"https:\/\/podernacional.com\/?p=173","title":{"rendered":"Pantallas en negro en honor a George Floyd"},"content":{"rendered":"\n<p>&nbsp;Varias cadenas internacionales de televisi\u00f3n detuvieron su programaci\u00f3n por un lapso de ocho minutos y 46 segundos, tiempo que el afroamericano George Floyd estuvo sometido en el suelo, imposibilitado para respirar, por el polic\u00eda Derek Chauvin, lo que provoc\u00f3 su muerte.<\/p>\n\n\n\n<p>Ante las constantes protestas por el asesinato de George Floyd a manos de la brutalidad policial de Minneapolis, MTV, Nickelodeon, Comedy Central, VH1 y Paramount, mismas que pertenecen al grupo ViacomCBS, se pronunciaron contra el racismo.<\/p>\n\n\n\n<p>Dichos canales de televisi\u00f3n de paga mostraron una imagen completamente en color negro con la frase \u201cNo puedo respirar\u201d, sentencia que dijo el fallecido ante la imposibilidad de respirar mientras se encontraba con el cuello presionado por la rodilla del polic\u00eda, el video lo acompa\u00f1\u00f3 un efecto de sonido que alude a jadeos por la asfixia.<\/p>\n\n\n\n<p>\u201cDurante ocho minutos y 46 segundos nos vamos a negro en homenaje a George Floyd. Dedicamos este tiempo a las v\u00edctimas de la brutalidad policial y al poderoso movimiento que lucha por la justicia\u201d, publicaron en Twitter varias se\u00f1ales televisivas.<\/p>\n\n\n\n<p>El mensaje de paz lleg\u00f3 para los m\u00e1s peque\u00f1os a trav\u00e9s de Nickelodeon, canal que se caracteriza por su contenido infantil y para adolescentes; sin embargo, antes de irse a negros emitieron un comunicado que mostraba su apoyo a \u201cla justicia, a la igualdad y a los derechos humanos\u201d y a continuaci\u00f3n, una \u00abdeclaraci\u00f3n en favor de los derechos de los ni\u00f1os\u00bb que dec\u00eda:<\/p>\n\n\n\n<p>\u00abTienes derecho a ser visto, escuchado y respetado como ciudadano del mundo. Tienes derecho a un mundo que sea pac\u00edfico. Tienes derecho a ser tratado con igualdad, independientemente del color de tu piel. Tienes derecho a estar protegido contra da\u00f1os, injusticias y odio. Tienes derecho a una educaci\u00f3n que te prepara para gobernar el mundo. Tienes derecho a tus opiniones y sentimientos, incluso si otros no est\u00e1n de acuerdo con ellos \u00ab.<\/p>\n\n\n\n<p>Asimismo, la m\u00fasica impuls\u00f3 la iniciativa Blackout Tuesday, se trata de un paro laboral en esta industria que se ha hecho viral en redes sociales con el hashtag #TheShowMustBePaused, algunas figuras que se han sumado al movimiento son The Rolling Stones, Bon Jovi, Justin Bieber, Camila Cabello, Ricky Martin y Shakira, entre otros.<\/p>\n","protected":false},"excerpt":{"rendered":"<p>&nbsp;Varias cadenas internacionales de televisi\u00f3n detuvieron su programaci\u00f3n por un lapso de ocho minutos y 46 segundos, tiempo que el afroamericano George Floyd estuvo sometido en el suelo, imposibilitado para respirar, por el polic\u00eda Derek Chauvin, lo que provoc\u00f3 su muerte. Ante las constantes protestas por el asesinato de George Floyd a manos de la [&hellip;]<\/p>\n","protected":false},"author":1,"featured_media":174,"comment_status":"open","ping_status":"open","sticky":false,"template":"","format":"standard","meta":{"footnotes":""},"categories":[12],"tags":[],"class_list":["post-173","post","type-post","status-publish","format-standard","has-post-thumbnail","hentry","category-sin-categoria"],"_links":{"self":[{"href":"https:\/\/podernacional.com\/index.php?rest_route=\/wp\/v2\/posts\/173","targetHints":{"allow":["GET"]}}],"collection":[{"href":"https:\/\/podernacional.com\/index.php?rest_route=\/wp\/v2\/posts"}],"about":[{"href":"https:\/\/podernacional.com\/index.php?rest_route=\/wp\/v2\/types\/post"}],"author":[{"embeddable":true,"href":"https:\/\/podernacional.com\/index.php?rest_route=\/wp\/v2\/users\/1"}],"replies":[{"embeddable":true,"href":"https:\/\/podernacional.com\/index.php?rest_route=%2Fwp%2Fv2%2Fcomments&post=173"}],"version-history":[{"count":0,"href":"https:\/\/podernacional.com\/index.php?rest_route=\/wp\/v2\/posts\/173\/revisions"}],"wp:featuredmedia":[{"embeddable":true,"href":"https:\/\/podernacional.com\/index.php?rest_route=\/wp\/v2\/media\/174"}],"wp:attachment":[{"href":"https:\/\/podernacional.com\/index.php?rest_route=%2Fwp%2Fv2%2Fmedia&parent=173"}],"wp:term":[{"taxonomy":"category","embeddable":true,"href":"https:\/\/podernacional.com\/index.php?rest_route=%2Fwp%2Fv2%2Fcategories&post=173"},{"taxonomy":"post_tag","embeddable":true,"href":"https:\/\/podernacional.com\/index.php?rest_route=%2Fwp%2Fv2%2Ftags&post=173"}],"curies":[{"name":"wp","href":"https:\/\/api.w.org\/{rel}","templated":true}]}}