{"id":17304,"date":"2023-07-11T16:16:10","date_gmt":"2023-07-11T21:16:10","guid":{"rendered":"https:\/\/podernacional.com\/?p=17304"},"modified":"2023-07-11T21:16:11","modified_gmt":"2023-07-11T21:16:11","slug":"embajador-de-mexico-da-detalles-de-la-familia-mexicana-que-murio-en-el-everest-eran-de-nuevo-leon","status":"publish","type":"post","link":"https:\/\/podernacional.com\/?p=17304","title":{"rendered":"Embajador de M\u00e9xico da detalles de la familia mexicana que muri\u00f3 en el Everest: \u201cEran de Nuevo Le\u00f3n\u201d"},"content":{"rendered":"<h4 class=\"d23-article-subheadline left \" style=\"text-align: center;\">Federico Salas confirm\u00f3 que se trat\u00f3 de una pareja y sus tres hijos los que fallecieron en el desplome de un helic\u00f3ptero<\/h4>\n<div class=\"d23-byline\">\n<p class=\"paragraph\" data-mrf-recirculation=\"Links inline\"><b>Federico Salas<\/b>, embajador de M\u00e9xico en la India, inform\u00f3 para\u00a0<i>Infobae M\u00e9xico<\/i>\u00a0detalles del\u00a0tr\u00e1gico accidente en el\u00a0<b>Monte Everest<\/b>\u00a0que cobr\u00f3 la vida de\u00a0<b>una familia mexicana<\/b>\u00a0este 11 de julio.<\/p>\n<p class=\"paragraph\" data-mrf-recirculation=\"Links inline\">\u201cEra una familia de\u00a0<b>cinco personas<\/b>\u00a0que estaban de turistas. (&#8230;)\u00a0<b>Eran padre y madre y tres hijos.\u00a0<\/b>(&#8230;) Eran (los hijos) adultos, no eran chiquitos\u201d, declar\u00f3 para este medio y detall\u00f3 que la familia se traslad\u00f3 de India a Nepal para realizar un viaje a\u00e9reo a la monta\u00f1a m\u00e1s alta del mundo. \u201cDesafortunadamente pas\u00f3 este accidente\u201d.<\/p>\n<div class=\"d23-blockquote\">\n<blockquote class=\"d23_color_figcaption\"><p>\u201cNo sabemos exactamente las circunstancias en las que esto sucedi\u00f3, las autoridades piensan que era por una situaci\u00f3n clim\u00e1tica adversa\u201d.<\/p><\/blockquote>\n<\/div>\n<h2 class=\"header d23-headline-class-h2\">\u00bfDe d\u00f3nde era la familia?<\/h2>\n<p class=\"paragraph\" data-mrf-recirculation=\"Links inline\">La Autoridad de Aviaci\u00f3n Civil de Nepal y la compa\u00f1\u00eda de alquiler de helic\u00f3pteros,\u00a0<i>Manang Air,<\/i>\u00a0identificaron a los connacionales fallecidos\u00a0como\u00a0<b>Fernando Sifuentes, Abril Gonz\u00e1lez, Luz Gonz\u00e1lez Olacio, Mar\u00eda Jos\u00e9 Sifuentes\u00a0<\/b>e\u00a0<b>Ismael Rinc\u00f3n.<\/b><\/p>\n<p class=\"paragraph\" data-mrf-recirculation=\"Links inline\">Al respecto, el diplom\u00e1tico mexicano descart\u00f3 que los hijos fueran menores de edad y adelant\u00f3 que el Gobierno de M\u00e9xico ya contact\u00f3 a un familiar cercano en la naci\u00f3n azteca.<\/p>\n<p class=\"paragraph\" data-mrf-recirculation=\"Links inline\">Indic\u00f3 que la Embajada Mexicana se acerc\u00f3 a \u201cun hermano o hermana de uno de los padres\u201d. Cuestionado por la entidad de la que eran residentes, Salas Lotfe adelant\u00f3 que podr\u00edan ser de\u00a0<b>Nuevo Le\u00f3n<\/b>\u00a0seg\u00fan el registro de sus pasaportes.<\/p>\n<p class=\"paragraph\" data-mrf-recirculation=\"Links inline\">\u201cLa direcci\u00f3n que tenemos es de Nuevo Le\u00f3n, pero no s\u00e9 decirles si son de all\u00e1 o mayor detalle\u201d, coment\u00f3.<\/p>\n<h2 class=\"header d23-headline-class-h2\">El \u00faltimo viaje<\/h2>\n<p class=\"paragraph\" data-mrf-recirculation=\"Links inline\">El embajador de M\u00e9xico en la India confirm\u00f3 los reportes de que Fernando, Abril, Luz, Mar\u00eda Jos\u00e9 e Ismael hab\u00edan viajado hasta la naci\u00f3n asi\u00e1tica para visitar al Monte Everest en\u00a0<b>un vuelo en helic\u00f3ptero.<\/b><\/p>\n<div class=\"d23-recommended-card__info\">\n<p class=\"paragraph\" data-mrf-recirculation=\"Links inline\">Federico Salas agreg\u00f3 para\u00a0<i>Infobae M\u00e9xico<\/i>\u00a0que la familia mexicana viaj\u00f3 a Nepal desde\u00a0<b>India<\/b>, naci\u00f3n a la cual planeaban regresar el 12 de julio:<\/p>\n<p class=\"paragraph\" data-mrf-recirculation=\"Links inline\">\u201cSabemos que estaban en India y llegaron a Nepal en dos d\u00edas y regresaban a India el d\u00eda 12. (&#8230;) Pero no tenemos el dato de desde cu\u00e1ndo estaban por ac\u00e1 (India)\u201d.<\/p>\n<p class=\"paragraph\" data-mrf-recirculation=\"Links inline\">La familia contrat\u00f3 los servicios de\u00a0<i>Manang Air.<\/i><i>\u00a0<\/i>El plan era sobrevolar la cadena monta\u00f1osa a bordo de una unidad 9N-AMV para aterrizar en Katmand\u00fa. Sin embargo, el veh\u00edculo perdi\u00f3 contacto a los\u00a0<b>10 minutos<\/b>\u00a0del despegue y autoridades nepal\u00edes hallaron los cuerpos de la familia y el piloto horas despu\u00e9s en el distrito de Solukhumbu, en el<b> Lamjura Pass.<\/b><\/p>\n<p class=\"paragraph\" data-mrf-recirculation=\"Links inline\">Seg\u00fan\u00a0<i>The Katmand\u00fa Post,\u00a0<\/i>el helic\u00f3ptero hab\u00eda hecho una parada en Surke \u2014 un pueblo de monta\u00f1a al sur del Everest y cercano al Aeropuerto de Lukla, punto de partida de las expediciones \u2014 para reabastecerse de combustible a fin de volver a la capital nepal\u00ed.<\/p>\n<div class=\"d23-blockquote\">\n<blockquote class=\"d23_color_figcaption\">\n<h2 class=\"header d23-headline-class-h2\">El m\u00f3vil del accidente<\/h2>\n<p class=\"paragraph\" data-mrf-recirculation=\"Links inline\">Hasta el momento se desconoce la raz\u00f3n del catastr\u00f3fico accidente que tambi\u00e9n cost\u00f3 la vida del piloto\u00a0<b>Chet Bahadur Gurung.<\/b>\u00a0Sin embargo, las investigaciones no descartan a\u00a0<b>condiciones climatol\u00f3gicas adversas<\/b>\u00a0como la posible causa del siniestro.<\/p>\n<p class=\"paragraph\" data-mrf-recirculation=\"Links inline\">\u201cEl clima no era bueno. Estaba lloviendo muy fuerte en el lugar donde choc\u00f3 el helic\u00f3ptero. Parece que el accidente ocurri\u00f3 por un mal clima\u201d, declar\u00f3 el capit\u00e1n y director de seguridad de vuelo Prakash Kumar.<\/p>\n<\/blockquote>\n<\/div>\n<\/div>\n<\/div>\n","protected":false},"excerpt":{"rendered":"<p>Federico Salas confirm\u00f3 que se trat\u00f3 de una pareja y sus tres hijos los que fallecieron en el desplome de un helic\u00f3ptero Federico Salas, embajador de M\u00e9xico en la India, inform\u00f3 para\u00a0Infobae M\u00e9xico\u00a0detalles del\u00a0tr\u00e1gico accidente en el\u00a0Monte Everest\u00a0que cobr\u00f3 la vida de\u00a0una familia mexicana\u00a0este 11 de julio. \u201cEra una familia de\u00a0cinco personas\u00a0que estaban de turistas. [&hellip;]<\/p>\n","protected":false},"author":1,"featured_media":17306,"comment_status":"open","ping_status":"closed","sticky":false,"template":"","format":"standard","meta":{"footnotes":""},"categories":[7],"tags":[],"class_list":["post-17304","post","type-post","status-publish","format-standard","has-post-thumbnail","hentry","category-nacional"],"_links":{"self":[{"href":"https:\/\/podernacional.com\/index.php?rest_route=\/wp\/v2\/posts\/17304","targetHints":{"allow":["GET"]}}],"collection":[{"href":"https:\/\/podernacional.com\/index.php?rest_route=\/wp\/v2\/posts"}],"about":[{"href":"https:\/\/podernacional.com\/index.php?rest_route=\/wp\/v2\/types\/post"}],"author":[{"embeddable":true,"href":"https:\/\/podernacional.com\/index.php?rest_route=\/wp\/v2\/users\/1"}],"replies":[{"embeddable":true,"href":"https:\/\/podernacional.com\/index.php?rest_route=%2Fwp%2Fv2%2Fcomments&post=17304"}],"version-history":[{"count":1,"href":"https:\/\/podernacional.com\/index.php?rest_route=\/wp\/v2\/posts\/17304\/revisions"}],"predecessor-version":[{"id":17305,"href":"https:\/\/podernacional.com\/index.php?rest_route=\/wp\/v2\/posts\/17304\/revisions\/17305"}],"wp:featuredmedia":[{"embeddable":true,"href":"https:\/\/podernacional.com\/index.php?rest_route=\/wp\/v2\/media\/17306"}],"wp:attachment":[{"href":"https:\/\/podernacional.com\/index.php?rest_route=%2Fwp%2Fv2%2Fmedia&parent=17304"}],"wp:term":[{"taxonomy":"category","embeddable":true,"href":"https:\/\/podernacional.com\/index.php?rest_route=%2Fwp%2Fv2%2Fcategories&post=17304"},{"taxonomy":"post_tag","embeddable":true,"href":"https:\/\/podernacional.com\/index.php?rest_route=%2Fwp%2Fv2%2Ftags&post=17304"}],"curies":[{"name":"wp","href":"https:\/\/api.w.org\/{rel}","templated":true}]}}