{"id":17400,"date":"2023-07-15T07:37:29","date_gmt":"2023-07-15T12:37:29","guid":{"rendered":"https:\/\/podernacional.com\/?p=17400"},"modified":"2023-07-15T12:37:30","modified_gmt":"2023-07-15T12:37:30","slug":"gustavo-diaz-ordaz-expresidente-y-figura-polemica-en-la-historia-de-mexico","status":"publish","type":"post","link":"https:\/\/podernacional.com\/?p=17400","title":{"rendered":"Gustavo D\u00edaz Ordaz, expresidente y figura pol\u00e9mica en la historia de M\u00e9xico"},"content":{"rendered":"<header class=\"main-article--header\">\n<h4 class=\"bajada\" style=\"text-align: center;\">El legado y controversia de uno de los l\u00edderes m\u00e1s emblem\u00e1ticos del pa\u00eds lleg\u00f3 a su fin un d\u00eda como hoy, 15 de julio, pero de 1979 con la muerte de D\u00edaz Ordaz.<\/h4>\n<\/header>\n<div class=\"margen-top1\"><\/div>\n<div class=\"main-article--body\">\n<p><strong>Gustavo D\u00edaz Ordaz fue un expresidente de M\u00e9xico conocido por su papel en el movimiento estudiantil de 1968<\/strong>. El exmandatario, quien gobern\u00f3 el pa\u00eds desde el\u00a0<span class=\"marker\">1 de diciembre de 1964 al 30 de noviembre de 1970<\/span>, dej\u00f3 una\u00a0<strong>huella imborrable\u00a0<\/strong>en la\u00a0historia de M\u00e9xico.<\/p>\n<p>D\u00edaz Ordaz, nacido el 12 de marzo de 1911 en Ciudad Serd\u00e1n, fue un pol\u00edtico destacado del Partido Revolucionario Institucional (PRI). Durante su presidencia, implement\u00f3 diversas reformas y pol\u00edticas que buscaban impulsar el desarrollo econ\u00f3mico y social del pa\u00eds. Sin embargo,\u00a0<strong>su mandato tambi\u00e9n estuvo marcado por la represi\u00f3n y la violencia<\/strong>, particularmente durante los sucesos tr\u00e1gicos del movimiento estudiantil de 1968.<\/p>\n<div class=\"content-banner\"><\/div>\n<h2><strong>Movimiento Estudiantil de 1968, episodio oscuro de Gustavo D\u00edaz Ordaz<\/strong><\/h2>\n<p>Durante el mandato del presidente Gustavo D\u00edaz Ordaz,\u00a0<span class=\"marker\">en julio de 1968, se produjo una serie de manifestaciones y marchas estudiantiles en la Ciudad de M\u00e9xico.\u00a0<\/span>Estas protestas tuvieron como objetivo criticar el autoritarismo del gobierno, expresar solidaridad con las protestas a nivel mundial, exigir el respeto a la autonom\u00eda universitaria y exigir la liberaci\u00f3n de los presos pol\u00edticos.<\/p>\n<p>Los estudiantes de la Universidad Nacional Aut\u00f3noma de M\u00e9xico (<strong>UNAM<\/strong>) se unieron a los del Instituto Polit\u00e9cnico Nacional y a los de otros centros educativos de la ciudad, lo que llev\u00f3 a la conformaci\u00f3n de un amplio movimiento social.<\/p>\n<p>El 2 de octubre, se realiz\u00f3 una manifestaci\u00f3n en la<strong>\u00a0<span class=\"marker\">Plaza de las Tres Culturas en Tlatelolco, el Movimiento Estudiantil de 1968<\/span><\/strong>\u00a0en M\u00e9xico. Aunque el movimiento estaba en declive y muchos l\u00edderes estaban encarcelados, el ambiente social segu\u00eda siendo tenso debido a la proximidad de los Juegos Ol\u00edmpicos.<\/p>\n<p>No obstante, con los l\u00edderes que quedaban libres y un orador en el tercer piso del Edificio Chihuahua, el ej\u00e9rcito mexicano atac\u00f3 a los manifestantes, utilizando bengalas como se\u00f1al para abrir fuego con militares, paramilitares y francotiradores,<span class=\"marker\">\u00a0resultando en una cifra desconocida de muertos (estimada entre 300 y 500) y m\u00e1s de 2000 detenidos.<\/span>\u00a0Este suceso marc\u00f3 el final del movimiento estudiantil. Los Juegos Ol\u00edmpicos se llevaron a cabo tan solo 10 d\u00edas despu\u00e9s en la Ciudad de M\u00e9xico.<\/p>\n<h2><strong>Retiro de D\u00edaz Ordaz de la pol\u00edtica<\/strong><\/h2>\n<p>Tras su retiro de la vida pol\u00edtica,\u00a0<strong>Gustavo D\u00edaz Ordaz se dedic\u00f3 a la docencia ya la escritura<\/strong>. Sus memorias y reflexiones sobre el M\u00e9xico moderno se cerraron en una referencia importante para comprender el contexto hist\u00f3rico y pol\u00edtico del pa\u00eds en la segunda mitad del siglo XX.<\/p>\n<p>El fallecimiento de\u00a0<strong>Gustavo D\u00edaz Ordaz deja un legado complejo y contradictorio.<\/strong>\u00a0A pesar de su papel en uno de los episodios m\u00e1s oscuros de la historia de M\u00e9xico, su legado tambi\u00e9n incluye esfuerzos por modernizar el pa\u00eds y promover su desarrollo. La muerte de este pol\u00e9mico<\/p>\n<\/div>\n","protected":false},"excerpt":{"rendered":"<p>El legado y controversia de uno de los l\u00edderes m\u00e1s emblem\u00e1ticos del pa\u00eds lleg\u00f3 a su fin un d\u00eda como hoy, 15 de julio, pero de 1979 con la muerte de D\u00edaz Ordaz. Gustavo D\u00edaz Ordaz fue un expresidente de M\u00e9xico conocido por su papel en el movimiento estudiantil de 1968. El exmandatario, quien gobern\u00f3 [&hellip;]<\/p>\n","protected":false},"author":1,"featured_media":17402,"comment_status":"open","ping_status":"closed","sticky":false,"template":"","format":"standard","meta":{"footnotes":""},"categories":[7],"tags":[],"class_list":["post-17400","post","type-post","status-publish","format-standard","has-post-thumbnail","hentry","category-nacional"],"_links":{"self":[{"href":"https:\/\/podernacional.com\/index.php?rest_route=\/wp\/v2\/posts\/17400","targetHints":{"allow":["GET"]}}],"collection":[{"href":"https:\/\/podernacional.com\/index.php?rest_route=\/wp\/v2\/posts"}],"about":[{"href":"https:\/\/podernacional.com\/index.php?rest_route=\/wp\/v2\/types\/post"}],"author":[{"embeddable":true,"href":"https:\/\/podernacional.com\/index.php?rest_route=\/wp\/v2\/users\/1"}],"replies":[{"embeddable":true,"href":"https:\/\/podernacional.com\/index.php?rest_route=%2Fwp%2Fv2%2Fcomments&post=17400"}],"version-history":[{"count":1,"href":"https:\/\/podernacional.com\/index.php?rest_route=\/wp\/v2\/posts\/17400\/revisions"}],"predecessor-version":[{"id":17401,"href":"https:\/\/podernacional.com\/index.php?rest_route=\/wp\/v2\/posts\/17400\/revisions\/17401"}],"wp:featuredmedia":[{"embeddable":true,"href":"https:\/\/podernacional.com\/index.php?rest_route=\/wp\/v2\/media\/17402"}],"wp:attachment":[{"href":"https:\/\/podernacional.com\/index.php?rest_route=%2Fwp%2Fv2%2Fmedia&parent=17400"}],"wp:term":[{"taxonomy":"category","embeddable":true,"href":"https:\/\/podernacional.com\/index.php?rest_route=%2Fwp%2Fv2%2Fcategories&post=17400"},{"taxonomy":"post_tag","embeddable":true,"href":"https:\/\/podernacional.com\/index.php?rest_route=%2Fwp%2Fv2%2Ftags&post=17400"}],"curies":[{"name":"wp","href":"https:\/\/api.w.org\/{rel}","templated":true}]}}