{"id":17424,"date":"2023-07-15T12:29:44","date_gmt":"2023-07-15T17:29:44","guid":{"rendered":"https:\/\/podernacional.com\/?p=17424"},"modified":"2023-07-15T17:30:01","modified_gmt":"2023-07-15T17:30:01","slug":"huelga-de-personal-de-tierra-en-italia-provoca-la-cancelacion-de-casi-mil-vuelos","status":"publish","type":"post","link":"https:\/\/podernacional.com\/?p=17424","title":{"rendered":"Huelga de personal de tierra en Italia provoca la cancelaci\u00f3n de casi mil vuelos"},"content":{"rendered":"<p>Cerca de mil vuelos con origen y destino en Italia fueron cancelados este s\u00e1bado por una huelga de personal de tierra de los aeropuertos, que exige una renovaci\u00f3n de su convenio colectivo.<\/p>\n<p>El paro previsto entre las 10:00 y las 18:00 horas afectar\u00e1 a cerca de 250 mil viajeros de vuelos locales e internacionales.<\/p>\n<p>Los trabajadores exigen la firma de un nuevo convenio colectivo, que expir\u00f3 hace seis a\u00f1os.<\/p>\n<p>En el aeropuerto Fiumicino-Leonardo Da Vinci de Roma fueron anulados cerca de 200 vuelos con destino a Copenhague, Estocolmo, Barcelona, Palma de Mallorca o Catania, en Sicilia.<\/p>\n<p>Tambi\u00e9n se vieron afectados los vuelos de Malta Air, que opera rutas de Ryanair, Ita Airways (antigua Alitalia) y de Vueling, cuyos pilotos se sumaron al movimiento.<\/p>\n<p>El ministro de Transportes, Matteo Salvini, hizo un llamado \u201cal sentido com\u00fan\u201d de los trabajadores en paro para \u201cno perjudicar a millones de otros empleados y de turistas\u201d.<\/p>\n","protected":false},"excerpt":{"rendered":"<p>Cerca de mil vuelos con origen y destino en Italia fueron cancelados este s\u00e1bado por una huelga de personal de tierra de los aeropuertos, que exige una renovaci\u00f3n de su convenio colectivo. El paro previsto entre las 10:00 y las 18:00 horas afectar\u00e1 a cerca de 250 mil viajeros de vuelos locales e internacionales. Los [&hellip;]<\/p>\n","protected":false},"author":1,"featured_media":17426,"comment_status":"open","ping_status":"closed","sticky":false,"template":"","format":"standard","meta":{"footnotes":""},"categories":[5],"tags":[],"class_list":["post-17424","post","type-post","status-publish","format-standard","has-post-thumbnail","hentry","category-internacional"],"_links":{"self":[{"href":"https:\/\/podernacional.com\/index.php?rest_route=\/wp\/v2\/posts\/17424","targetHints":{"allow":["GET"]}}],"collection":[{"href":"https:\/\/podernacional.com\/index.php?rest_route=\/wp\/v2\/posts"}],"about":[{"href":"https:\/\/podernacional.com\/index.php?rest_route=\/wp\/v2\/types\/post"}],"author":[{"embeddable":true,"href":"https:\/\/podernacional.com\/index.php?rest_route=\/wp\/v2\/users\/1"}],"replies":[{"embeddable":true,"href":"https:\/\/podernacional.com\/index.php?rest_route=%2Fwp%2Fv2%2Fcomments&post=17424"}],"version-history":[{"count":1,"href":"https:\/\/podernacional.com\/index.php?rest_route=\/wp\/v2\/posts\/17424\/revisions"}],"predecessor-version":[{"id":17425,"href":"https:\/\/podernacional.com\/index.php?rest_route=\/wp\/v2\/posts\/17424\/revisions\/17425"}],"wp:featuredmedia":[{"embeddable":true,"href":"https:\/\/podernacional.com\/index.php?rest_route=\/wp\/v2\/media\/17426"}],"wp:attachment":[{"href":"https:\/\/podernacional.com\/index.php?rest_route=%2Fwp%2Fv2%2Fmedia&parent=17424"}],"wp:term":[{"taxonomy":"category","embeddable":true,"href":"https:\/\/podernacional.com\/index.php?rest_route=%2Fwp%2Fv2%2Fcategories&post=17424"},{"taxonomy":"post_tag","embeddable":true,"href":"https:\/\/podernacional.com\/index.php?rest_route=%2Fwp%2Fv2%2Ftags&post=17424"}],"curies":[{"name":"wp","href":"https:\/\/api.w.org\/{rel}","templated":true}]}}