{"id":17436,"date":"2023-07-17T10:57:30","date_gmt":"2023-07-17T15:57:30","guid":{"rendered":"https:\/\/podernacional.com\/?p=17436"},"modified":"2023-07-17T15:57:49","modified_gmt":"2023-07-17T15:57:49","slug":"cielo-parcialmente-nublado-y-lluvias-fuertes-en-la-peninsula-de-yucatan","status":"publish","type":"post","link":"https:\/\/podernacional.com\/?p=17436","title":{"rendered":"CIELO PARCIALMENTE NUBLADO Y LLUVIAS FUERTES EN LA PEN\u00cdNSULA DE YUCAT\u00c1N"},"content":{"rendered":"<p>De acuerdo con el Servicio Meteorol\u00f3gico Nacional, la onda tropical N\u00fam. 13 recorrer\u00e1 el centro y sur del pa\u00eds, y en interacci\u00f3n con un canal de baja presi\u00f3n sobre el occidente del territorio nacional, ocasionar\u00e1n lluvias fuertes a muy fuertes acompa\u00f1adas de descargas el\u00e9ctricas y posible ca\u00edda de granizo en las regiones mencionadas, siendo lluvias puntuales intensas en zonas de Jalisco, Colima y Michoac\u00e1n, dichas lluvias podr\u00edan incrementar los niveles de r\u00edos y arroyos, y generar deslaves e inundaciones en zonas bajas.<\/p>\n<p>Asimismo, el monz\u00f3n mexicano sobre el noroeste del territorio nacional, mantendr\u00e1 las condiciones para lluvias con chubascos en Durango y la Pen\u00ednsula de Baja California, as\u00ed como lluvias puntuales fuertes en Sonora, Chihuahua y Sinaloa.<\/p>\n<p>Por otra parte, segundo canal de baja presi\u00f3n en el sureste mexicano y la Pen\u00ednsula de Yucat\u00e1n, en combinaci\u00f3n con el ingreso de humedad del Golfo de M\u00e9xico y Mar Caribe, provocar\u00e1n lluvias puntuales muy fuertes en Oaxaca, Veracruz y Chiapas, lluvias puntuales fuertes en Campeche; e intervalos de chubascos en Tabasco, Yucat\u00e1n y Quintana Roo.<\/p>\n<p>Adem\u00e1s, una circulaci\u00f3n anticicl\u00f3nica en niveles medios de la atm\u00f3sfera propiciar\u00e1 ambiente muy caluroso a extremadamente caluroso en el noroeste, norte y noreste del territorio nacional.<\/p>\n<p>Para la Pen\u00ednsula de Yucat\u00e1n se espera cielo parcialmente nublado durante la ma\u00f1ana y nublado por la tarde con lluvias puntuales fuertes en Campeche, y lluvias con chubascos acompa\u00f1adas de descargas el\u00e9ctricas en Yucat\u00e1n y Quintana Roo.<\/p>\n<p>Ambiente templado por la ma\u00f1ana y muy caluroso durante la tarde. Viento de componente este de 15 a 25 km\/h con rachas de 40 a 60 km\/h en Campeche y Yucat\u00e1n<\/p>\n","protected":false},"excerpt":{"rendered":"<p>De acuerdo con el Servicio Meteorol\u00f3gico Nacional, la onda tropical N\u00fam. 13 recorrer\u00e1 el centro y sur del pa\u00eds, y en interacci\u00f3n con un canal de baja presi\u00f3n sobre el occidente del territorio nacional, ocasionar\u00e1n lluvias fuertes a muy fuertes acompa\u00f1adas de descargas el\u00e9ctricas y posible ca\u00edda de granizo en las regiones mencionadas, siendo lluvias [&hellip;]<\/p>\n","protected":false},"author":1,"featured_media":17438,"comment_status":"open","ping_status":"closed","sticky":false,"template":"","format":"standard","meta":{"footnotes":""},"categories":[10],"tags":[],"class_list":["post-17436","post","type-post","status-publish","format-standard","has-post-thumbnail","hentry","category-quintana-roo"],"_links":{"self":[{"href":"https:\/\/podernacional.com\/index.php?rest_route=\/wp\/v2\/posts\/17436","targetHints":{"allow":["GET"]}}],"collection":[{"href":"https:\/\/podernacional.com\/index.php?rest_route=\/wp\/v2\/posts"}],"about":[{"href":"https:\/\/podernacional.com\/index.php?rest_route=\/wp\/v2\/types\/post"}],"author":[{"embeddable":true,"href":"https:\/\/podernacional.com\/index.php?rest_route=\/wp\/v2\/users\/1"}],"replies":[{"embeddable":true,"href":"https:\/\/podernacional.com\/index.php?rest_route=%2Fwp%2Fv2%2Fcomments&post=17436"}],"version-history":[{"count":1,"href":"https:\/\/podernacional.com\/index.php?rest_route=\/wp\/v2\/posts\/17436\/revisions"}],"predecessor-version":[{"id":17437,"href":"https:\/\/podernacional.com\/index.php?rest_route=\/wp\/v2\/posts\/17436\/revisions\/17437"}],"wp:featuredmedia":[{"embeddable":true,"href":"https:\/\/podernacional.com\/index.php?rest_route=\/wp\/v2\/media\/17438"}],"wp:attachment":[{"href":"https:\/\/podernacional.com\/index.php?rest_route=%2Fwp%2Fv2%2Fmedia&parent=17436"}],"wp:term":[{"taxonomy":"category","embeddable":true,"href":"https:\/\/podernacional.com\/index.php?rest_route=%2Fwp%2Fv2%2Fcategories&post=17436"},{"taxonomy":"post_tag","embeddable":true,"href":"https:\/\/podernacional.com\/index.php?rest_route=%2Fwp%2Fv2%2Ftags&post=17436"}],"curies":[{"name":"wp","href":"https:\/\/api.w.org\/{rel}","templated":true}]}}