{"id":17466,"date":"2023-07-17T16:11:35","date_gmt":"2023-07-17T21:11:35","guid":{"rendered":"https:\/\/podernacional.com\/?p=17466"},"modified":"2023-07-17T21:11:53","modified_gmt":"2023-07-17T21:11:53","slug":"escandalo-en-el-futbol-el-enojo-incontrolable-de-tuca-ferretti-al-enfrentar-acusaciones-de-ausencias-secretas-en-cruz-azul-te-dejara-sin-palabras","status":"publish","type":"post","link":"https:\/\/podernacional.com\/?p=17466","title":{"rendered":"&quot;\u00a1Esc\u00e1ndalo en el f\u00fatbol! El enojo incontrolable de Tuca Ferretti al enfrentar acusaciones de ausencias secretas en Cruz Azul \u00a1Te dejar\u00e1 sin palabras!&quot;"},"content":{"rendered":"<div class=\"detail\">\n<h4 class=\"summary\" style=\"text-align: center;\">El DT descart\u00f3 que se ausente de entrenamientos de La M\u00e1quina; asegur\u00f3 que no se quedar\u00e1 callado.<\/h4>\n<\/div>\n<div class=\"extras\">\n<div class=\"social-network\">\n<p><b>Ricardo Ferretti<\/b>\u00a0se defendi\u00f3 de las versiones que han circulado en los \u00faltimos d\u00edas sobre su\u00a0<b>ausencia<\/b>\u00a0en algunos<b>\u00a0entrenamientos de\u00a0Cruz Azul,<\/b>\u00a0pues el entrenador dijo que\u00a0<b>su reputaci\u00f3n en M\u00e9xico es intachable<\/b>\u00a0y si hay alguna persona que pueda afirmar lo contrario pidi\u00f3 que se lo demuestren o de lo contrario est\u00e1 siendo\u00a0<b>difamado<\/b>.<\/p>\n<h2>El enojo de Ricardo Ferretti<\/h2>\n<blockquote><p>\u00abYo llegu\u00e9 a este pa\u00eds de 23 para 24 a\u00f1os y la verdad ya voy a cumplir 70, muchos de los que est\u00e1n aqu\u00ed a lo mejor hasta les triplico la edad. Creo que he tenido un car\u00e1cter y una personalidad y una forma de ser que a lo mejor no les parece a algunos, pero \u00e9sta es mi forma de ser y yo respeto la de ustedes, respeto tambi\u00e9n las cr\u00edticas, respeto todo,\u00a0<b>lo \u00fanico que no respeto es si van a hablar de m\u00ed,<\/b>\u00a0hablen con seguridad,<b>\u00a0no sean chismosos, no crean en los chismes,\u00a0<\/b>yo no soy centenario para caerle bien a todos\u00bb.El DT aprovech\u00f3 el final de la conferencia de prensa para abordar este tema del cual se he echo mucho ruido entre aficionados de\u00a0<b>Cruz Azul,<\/b>\u00a0luego de que se mencion\u00f3 que<b>\u00a0el estratega no acud\u00eda a los entrenamientos<\/b>. Por eso Ferretti aclar\u00f3 que \u00e9l suele tener juntas con la directiva y especialmente en este inicio del torneo donde analizan temas de la plantilla.<\/p>\n<blockquote><p><b>\u00abYo soy una persona profesional, honesta, intachable en mi trabajo\u00a0<\/b>si alguien me conoce. Mis auxiliares, uno de ellos es campe\u00f3n del futbol mexicano, Memo (V\u00e1zquez); y el otro es un gran entrenador, Joaqu\u00edn Moreno. Para esto son mis auxiliares.\u00a0<b>Yo deber\u00eda delegar mucho m\u00e1s a ellos el trabajo, pero no lo hago.<\/b>\u00a0Cuando no estoy en la cancha estoy en junta con mis jefes, que son el ingeniero y el \u2018Conejo\u2019 P\u00e9rez. En este inicio de torneo he tenido una gran cantidad de juntas para poder organizar un plantel adecuado\u00bb.<\/p><\/blockquote>\n<h2>&#8216;Que me difamen, no lo acepto&#8217;<\/h2>\n<p>Por esta raz\u00f3n, agreg\u00f3 que\u00a0<b>no se va a quedar callado<\/b>\u00a0ante lo que considera son difamaciones de algunos medios, sin especificar cu\u00e1l.<\/p>\n<blockquote><p><b>\u00abYa me cans\u00e9 que me est\u00e9n diciendo de cosas<\/b>\u00a0y yo por no perder tiempo me quedo callado.<b>\u00a0Una cosa es que me critiquen<\/b>\u00a0por c\u00f3mo dirijo, por c\u00f3mo mis equipos juegan, de eso no tengo ninguna duda,\u00a0<b>pero difamarme no lo acepto<\/b>\u00a0y si no puedes comprobar me quedo boca callada\u00bb.<\/p><\/blockquote>\n<\/blockquote>\n<\/div>\n<\/div>\n","protected":false},"excerpt":{"rendered":"<p>El DT descart\u00f3 que se ausente de entrenamientos de La M\u00e1quina; asegur\u00f3 que no se quedar\u00e1 callado. Ricardo Ferretti\u00a0se defendi\u00f3 de las versiones que han circulado en los \u00faltimos d\u00edas sobre su\u00a0ausencia\u00a0en algunos\u00a0entrenamientos de\u00a0Cruz Azul,\u00a0pues el entrenador dijo que\u00a0su reputaci\u00f3n en M\u00e9xico es intachable\u00a0y si hay alguna persona que pueda afirmar lo contrario pidi\u00f3 que [&hellip;]<\/p>\n","protected":false},"author":1,"featured_media":17468,"comment_status":"open","ping_status":"closed","sticky":false,"template":"","format":"standard","meta":{"footnotes":""},"categories":[3],"tags":[],"class_list":["post-17466","post","type-post","status-publish","format-standard","has-post-thumbnail","hentry","category-deportes"],"_links":{"self":[{"href":"https:\/\/podernacional.com\/index.php?rest_route=\/wp\/v2\/posts\/17466","targetHints":{"allow":["GET"]}}],"collection":[{"href":"https:\/\/podernacional.com\/index.php?rest_route=\/wp\/v2\/posts"}],"about":[{"href":"https:\/\/podernacional.com\/index.php?rest_route=\/wp\/v2\/types\/post"}],"author":[{"embeddable":true,"href":"https:\/\/podernacional.com\/index.php?rest_route=\/wp\/v2\/users\/1"}],"replies":[{"embeddable":true,"href":"https:\/\/podernacional.com\/index.php?rest_route=%2Fwp%2Fv2%2Fcomments&post=17466"}],"version-history":[{"count":1,"href":"https:\/\/podernacional.com\/index.php?rest_route=\/wp\/v2\/posts\/17466\/revisions"}],"predecessor-version":[{"id":17467,"href":"https:\/\/podernacional.com\/index.php?rest_route=\/wp\/v2\/posts\/17466\/revisions\/17467"}],"wp:featuredmedia":[{"embeddable":true,"href":"https:\/\/podernacional.com\/index.php?rest_route=\/wp\/v2\/media\/17468"}],"wp:attachment":[{"href":"https:\/\/podernacional.com\/index.php?rest_route=%2Fwp%2Fv2%2Fmedia&parent=17466"}],"wp:term":[{"taxonomy":"category","embeddable":true,"href":"https:\/\/podernacional.com\/index.php?rest_route=%2Fwp%2Fv2%2Fcategories&post=17466"},{"taxonomy":"post_tag","embeddable":true,"href":"https:\/\/podernacional.com\/index.php?rest_route=%2Fwp%2Fv2%2Ftags&post=17466"}],"curies":[{"name":"wp","href":"https:\/\/api.w.org\/{rel}","templated":true}]}}