{"id":17475,"date":"2023-07-18T13:41:08","date_gmt":"2023-07-18T18:41:08","guid":{"rendered":"https:\/\/podernacional.com\/?p=17475"},"modified":"2023-07-18T18:41:27","modified_gmt":"2023-07-18T18:41:27","slug":"se-pronostican-lluvias-fuertes-con-descargas-electricas-en-la-peninsula-de-yucatan","status":"publish","type":"post","link":"https:\/\/podernacional.com\/?p=17475","title":{"rendered":"SE PRONOSTICAN LLUVIAS FUERTES CON DESCARGAS EL\u00c9CTRICAS EN LA PEN\u00cdNSULA DE YUCAT\u00c1N"},"content":{"rendered":"<p>De acuerdo con el Servicio Meteorol\u00f3gico Nacional, la onda tropical N\u00famero 13 se localizar\u00e1 al sur de la Pen\u00ednsula de Baja California, dejando de afectar al pa\u00eds.<\/p>\n<p>El monz\u00f3n mexicano prevalecer\u00e1 sobre el noroeste de M\u00e9xico, propiciando chubascos y lluvias fuertes con descargas el\u00e9ctricas, rachas de viento y posibles granizadas en la regi\u00f3n.<\/p>\n<p>Por otra parte, un canal de baja presi\u00f3n se extender\u00e1 sobre el occidente y centro del territorio nacional, ocasionando chubascos y lluvias fuertes en las regiones mencionadas.<\/p>\n<p>Otro canal de baja presi\u00f3n en el sureste de la Rep\u00fablica Mexicana, en interacci\u00f3n con el ingreso de humedad del Oc\u00e9ano Pac\u00edfico y Golfo de M\u00e9xico, aunado con la aproximaci\u00f3n de la nueva onda tropical N\u00famero 14 a la Pen\u00ednsula de Yucat\u00e1n, producir\u00e1 intervalos de chubascos y lluvias puntuales fuertes con descargas el\u00e9ctricas en dichas regiones, adem\u00e1s de lluvias puntuales muy fuertes en Veracruz y Oaxaca.<\/p>\n<p>Ademas, una circulaci\u00f3n anticicl\u00f3nica en niveles medios de la atm\u00f3sfera sobre el suroeste de Estados Unidos y norte de M\u00e9xico, generar\u00e1 ambiente muy caluroso a extremadamente caluroso sobre estados del noroeste, norte y noreste del pa\u00eds, con temperaturas m\u00e1ximas superiores a 45 \u00b0C en zonas de Baja California y Sonora.<\/p>\n<p>Para la Pen\u00ednsula de Yucat\u00e1n se espera cielo parcialmente nublado durante la ma\u00f1ana y nublado por la tarde con lluvias puntuales fuertes en Campeche y Yucat\u00e1n, as\u00ed como chubascos en Quintana Roo; todas con descargas el\u00e9ctricas.<\/p>\n<p>Ambiente templado por la ma\u00f1ana y muy caluroso durante la tarde. Viento de componente este de 15 a 30 km\/h con rachas de 40 a 60 km\/h en costas de Campeche y Yucat\u00e1n.<\/p>\n","protected":false},"excerpt":{"rendered":"<p>De acuerdo con el Servicio Meteorol\u00f3gico Nacional, la onda tropical N\u00famero 13 se localizar\u00e1 al sur de la Pen\u00ednsula de Baja California, dejando de afectar al pa\u00eds. El monz\u00f3n mexicano prevalecer\u00e1 sobre el noroeste de M\u00e9xico, propiciando chubascos y lluvias fuertes con descargas el\u00e9ctricas, rachas de viento y posibles granizadas en la regi\u00f3n. Por otra [&hellip;]<\/p>\n","protected":false},"author":1,"featured_media":17477,"comment_status":"open","ping_status":"closed","sticky":false,"template":"","format":"standard","meta":{"footnotes":""},"categories":[10],"tags":[],"class_list":["post-17475","post","type-post","status-publish","format-standard","has-post-thumbnail","hentry","category-quintana-roo"],"_links":{"self":[{"href":"https:\/\/podernacional.com\/index.php?rest_route=\/wp\/v2\/posts\/17475","targetHints":{"allow":["GET"]}}],"collection":[{"href":"https:\/\/podernacional.com\/index.php?rest_route=\/wp\/v2\/posts"}],"about":[{"href":"https:\/\/podernacional.com\/index.php?rest_route=\/wp\/v2\/types\/post"}],"author":[{"embeddable":true,"href":"https:\/\/podernacional.com\/index.php?rest_route=\/wp\/v2\/users\/1"}],"replies":[{"embeddable":true,"href":"https:\/\/podernacional.com\/index.php?rest_route=%2Fwp%2Fv2%2Fcomments&post=17475"}],"version-history":[{"count":1,"href":"https:\/\/podernacional.com\/index.php?rest_route=\/wp\/v2\/posts\/17475\/revisions"}],"predecessor-version":[{"id":17476,"href":"https:\/\/podernacional.com\/index.php?rest_route=\/wp\/v2\/posts\/17475\/revisions\/17476"}],"wp:featuredmedia":[{"embeddable":true,"href":"https:\/\/podernacional.com\/index.php?rest_route=\/wp\/v2\/media\/17477"}],"wp:attachment":[{"href":"https:\/\/podernacional.com\/index.php?rest_route=%2Fwp%2Fv2%2Fmedia&parent=17475"}],"wp:term":[{"taxonomy":"category","embeddable":true,"href":"https:\/\/podernacional.com\/index.php?rest_route=%2Fwp%2Fv2%2Fcategories&post=17475"},{"taxonomy":"post_tag","embeddable":true,"href":"https:\/\/podernacional.com\/index.php?rest_route=%2Fwp%2Fv2%2Ftags&post=17475"}],"curies":[{"name":"wp","href":"https:\/\/api.w.org\/{rel}","templated":true}]}}