{"id":17505,"date":"2023-07-18T16:13:36","date_gmt":"2023-07-18T21:13:36","guid":{"rendered":"https:\/\/podernacional.com\/?p=17505"},"modified":"2023-07-18T21:13:38","modified_gmt":"2023-07-18T21:13:38","slug":"mexico-estudia-legalidad-de-muro-fluvial-en-la-frontera-con-texas","status":"publish","type":"post","link":"https:\/\/podernacional.com\/?p=17505","title":{"rendered":"M\u00e9xico estudia legalidad de muro fluvial en la frontera con Texas"},"content":{"rendered":"<div class=\"col-multimedia col-xs-12 col-md-10 pull-right\">\n<div class=\"media-pholder media-pholder--video \">\n<div class=\"intro m-t-md\">\n<h4 style=\"text-align: center;\">Los peligros se intensifican en la frontera entre Estados Unidos y M\u00e9xico, donde los migrantes indocumentados no solo se enfrentan a la furia del R\u00edo Bravo. Ahora tambi\u00e9n est\u00e1 el nuevo muro flotante colocado por el gobierno texano. Porfirio Medellin con la informaci\u00f3n.<\/h4>\n<\/div>\n<\/div>\n<\/div>\n<div class=\"col-xs-12 col-md-2 col-lg-2 pull-left\"><\/div>\n","protected":false},"excerpt":{"rendered":"<p>Los peligros se intensifican en la frontera entre Estados Unidos y M\u00e9xico, donde los migrantes indocumentados no solo se enfrentan a la furia del R\u00edo Bravo. Ahora tambi\u00e9n est\u00e1 el nuevo muro flotante colocado por el gobierno texano. Porfirio Medellin con la informaci\u00f3n.<\/p>\n","protected":false},"author":1,"featured_media":17507,"comment_status":"open","ping_status":"closed","sticky":false,"template":"","format":"standard","meta":{"footnotes":""},"categories":[7],"tags":[],"class_list":["post-17505","post","type-post","status-publish","format-standard","has-post-thumbnail","hentry","category-nacional"],"_links":{"self":[{"href":"https:\/\/podernacional.com\/index.php?rest_route=\/wp\/v2\/posts\/17505","targetHints":{"allow":["GET"]}}],"collection":[{"href":"https:\/\/podernacional.com\/index.php?rest_route=\/wp\/v2\/posts"}],"about":[{"href":"https:\/\/podernacional.com\/index.php?rest_route=\/wp\/v2\/types\/post"}],"author":[{"embeddable":true,"href":"https:\/\/podernacional.com\/index.php?rest_route=\/wp\/v2\/users\/1"}],"replies":[{"embeddable":true,"href":"https:\/\/podernacional.com\/index.php?rest_route=%2Fwp%2Fv2%2Fcomments&post=17505"}],"version-history":[{"count":1,"href":"https:\/\/podernacional.com\/index.php?rest_route=\/wp\/v2\/posts\/17505\/revisions"}],"predecessor-version":[{"id":17506,"href":"https:\/\/podernacional.com\/index.php?rest_route=\/wp\/v2\/posts\/17505\/revisions\/17506"}],"wp:featuredmedia":[{"embeddable":true,"href":"https:\/\/podernacional.com\/index.php?rest_route=\/wp\/v2\/media\/17507"}],"wp:attachment":[{"href":"https:\/\/podernacional.com\/index.php?rest_route=%2Fwp%2Fv2%2Fmedia&parent=17505"}],"wp:term":[{"taxonomy":"category","embeddable":true,"href":"https:\/\/podernacional.com\/index.php?rest_route=%2Fwp%2Fv2%2Fcategories&post=17505"},{"taxonomy":"post_tag","embeddable":true,"href":"https:\/\/podernacional.com\/index.php?rest_route=%2Fwp%2Fv2%2Ftags&post=17505"}],"curies":[{"name":"wp","href":"https:\/\/api.w.org\/{rel}","templated":true}]}}