{"id":17558,"date":"2023-07-20T11:01:20","date_gmt":"2023-07-20T16:01:20","guid":{"rendered":"https:\/\/podernacional.com\/?p=17558"},"modified":"2023-07-20T16:01:43","modified_gmt":"2023-07-20T16:01:43","slug":"increible-solidaridad-descubre-como-esta-comunidad-apoya-al-valiente-abuelito-asaltado-en-oakland","status":"publish","type":"post","link":"https:\/\/podernacional.com\/?p=17558","title":{"rendered":"\u00a1Incre\u00edble solidaridad! Descubre c\u00f3mo esta comunidad apoya al valiente abuelito asaltado en Oakland"},"content":{"rendered":"<p>La comunidad de Oakland se ha unido en torno a un vendedor de paletas hispano, de 80 a\u00f1os, que fue asaltado a punta de pistola por unos j\u00f3venes el lunes pasado, en medio de una ola de robos que enfrenta la ciudad.<\/p>\n<p>El robo ocurrido el pasado lunes por la tarde fue captado por una c\u00e1mara de seguridad, cuyas im\u00e1genes muestran al hombre empujando su carro de paletas cuando una\u00a0camioneta\u00a0se detiene a su lado y dos hombres se\u00a0bajan\u00a0y se acercan a \u00e9l.<\/p>\n<p>Uno de los\u00a0hombres\u00a0le apunta con un arma mientras el otro lo registra y le quita sus pertenencias. El vendedor, quien es un migrante que solo habla\u00a0espa\u00f1ol, no opuso resistencia.<\/p>\n<p>Tras cometer el robo los hombres se suben al\u00a0veh\u00edculo\u00a0y se\u00a0marchan.<\/p>\n<p>La Polic\u00eda de\u00a0Oakland\u00a0ha dicho que investiga el hecho. Por su parte, el concejal\u00a0Noel Gallo, que representa al distrito donde ocurri\u00f3 el robo, dijo a la televisora KRON4 que los robos a plena luz del d\u00eda en la ciudad tienen agobiados a los vecinos. \u201cYa no respetan a los abuelos y abuelas\u201d, lament\u00f3.<\/p>\n<p>Gallo agreg\u00f3 que la ciudad apoyar\u00e1 a la v\u00edctima, identificada por\u00a0vecinos\u00a0y\u00a0activistas\u00a0como \u201cDon Jos\u00e9\u201d.<\/p>\n<p>Al menos dos cuentas en\u00a0GoFundMe\u00a0han recaudado en total m\u00e1s de 30 mil d\u00f3lares hasta hoy para ayudar al migrante.<\/p>\n<p>El pr\u00f3ximo s\u00e1bado se realizar\u00e1 un evento de venta de helados en Oakland para ayudar al vendedor, que seg\u00fan reportes de vecinos ayuda con su trabajo a mantener a un hijo con discapacidad.<\/p>\n","protected":false},"excerpt":{"rendered":"<p>La comunidad de Oakland se ha unido en torno a un vendedor de paletas hispano, de 80 a\u00f1os, que fue asaltado a punta de pistola por unos j\u00f3venes el lunes pasado, en medio de una ola de robos que enfrenta la ciudad. El robo ocurrido el pasado lunes por la tarde fue captado por una [&hellip;]<\/p>\n","protected":false},"author":1,"featured_media":17560,"comment_status":"open","ping_status":"closed","sticky":false,"template":"","format":"standard","meta":{"footnotes":""},"categories":[5],"tags":[],"class_list":["post-17558","post","type-post","status-publish","format-standard","has-post-thumbnail","hentry","category-internacional"],"_links":{"self":[{"href":"https:\/\/podernacional.com\/index.php?rest_route=\/wp\/v2\/posts\/17558","targetHints":{"allow":["GET"]}}],"collection":[{"href":"https:\/\/podernacional.com\/index.php?rest_route=\/wp\/v2\/posts"}],"about":[{"href":"https:\/\/podernacional.com\/index.php?rest_route=\/wp\/v2\/types\/post"}],"author":[{"embeddable":true,"href":"https:\/\/podernacional.com\/index.php?rest_route=\/wp\/v2\/users\/1"}],"replies":[{"embeddable":true,"href":"https:\/\/podernacional.com\/index.php?rest_route=%2Fwp%2Fv2%2Fcomments&post=17558"}],"version-history":[{"count":1,"href":"https:\/\/podernacional.com\/index.php?rest_route=\/wp\/v2\/posts\/17558\/revisions"}],"predecessor-version":[{"id":17559,"href":"https:\/\/podernacional.com\/index.php?rest_route=\/wp\/v2\/posts\/17558\/revisions\/17559"}],"wp:featuredmedia":[{"embeddable":true,"href":"https:\/\/podernacional.com\/index.php?rest_route=\/wp\/v2\/media\/17560"}],"wp:attachment":[{"href":"https:\/\/podernacional.com\/index.php?rest_route=%2Fwp%2Fv2%2Fmedia&parent=17558"}],"wp:term":[{"taxonomy":"category","embeddable":true,"href":"https:\/\/podernacional.com\/index.php?rest_route=%2Fwp%2Fv2%2Fcategories&post=17558"},{"taxonomy":"post_tag","embeddable":true,"href":"https:\/\/podernacional.com\/index.php?rest_route=%2Fwp%2Fv2%2Ftags&post=17558"}],"curies":[{"name":"wp","href":"https:\/\/api.w.org\/{rel}","templated":true}]}}