{"id":176,"date":"2020-06-03T23:36:57","date_gmt":"2020-06-03T23:36:57","guid":{"rendered":"http:\/\/whatsappcancun.com\/?p=176"},"modified":"2020-06-03T23:36:57","modified_gmt":"2020-06-03T23:36:57","slug":"dejaria-de-ser-hector-suarez-si-me-quedo-callado","status":"publish","type":"post","link":"https:\/\/podernacional.com\/?p=176","title":{"rendered":"\u201cDejar\u00eda de ser H\u00e9ctor Su\u00e1rez si me quedo callado\u00bb"},"content":{"rendered":"\n<p>El drama, el melodrama, la comedia, la tragicomedia, la farsa, el sainete y todos los dem\u00e1s g\u00e9neros de la actuaci\u00f3n eran el amor de H\u00e9ctor Su\u00e1rez, quien los desarroll\u00f3 en teatro, cine, televisi\u00f3n y cabaret.<\/p>\n\n\n\n<p>Al teatro lo llamaba su disciplina y&nbsp;<q>si es comedia, mejor, pues hay mucha tristeza, desesperaci\u00f3n y angustia&#8230; somos soldados del arte de la interpretaci\u00f3n<\/q>, afirmaba.<\/p>\n\n\n\n<p>El actor muri\u00f3 ayer a los 81 a\u00f1os.Los portales dieron cuenta del comunicado de su familia en el que ped\u00eda comprensi\u00f3n.&nbsp;<q>Para nosotros se va el pap\u00e1, el abuelo, el hermano, el esposo y no la figura p\u00fablica que merece todo el reconocimiento<\/q>, afirmaron su viuda, Zara Calder\u00f3n, as\u00ed como H\u00e9ctor Su\u00e1rez Gom\u00eds y sus dem\u00e1s hijos.<\/p>\n\n\n\n<p>H\u00e9ctor Su\u00e1rez amaba y respetaba su oficio. De estilo \u00e1cido y humor negro, uno de sus grandes m\u00e9ritos fue la creaci\u00f3n de personajes de cr\u00edtica social y pol\u00edtica, por lo que padeci\u00f3 vetos, censuras y amenazas de muerte.<\/p>\n\n\n\n<p><q>Voy a seguir expresando lo que digo en mis espect\u00e1culos y en el teatro. No difamo a nadie ni son mentiras. Adem\u00e1s, lo hago mediante el humor, de forma l\u00fadica<\/q>, asegur\u00f3 una vez a&nbsp;<em>La Jornada.<\/em><\/p>\n\n\n\n<p>Pero \u201cm\u00e1s que dejar un legado \u2013asever\u00f3 Su\u00e1rez\u2013 creo que han sido un estilo, una actitud y un planteamiento de vida, porque respeto tanto mi profesi\u00f3n como a m\u00ed mismo y por tanto al p\u00fablico\u2026\u201d<\/p>\n\n\n\n<p>Dec\u00eda no sentir temor sobre los temas que abordaba.&nbsp;<q>S\u00ed lo hay desde el comportamiento cobarde de que por decir la verdad me maltrataron y golpearon. Tres veces he estado a punto de perder la vida, pero soy congruente con mi forma de pensar y me he detenido por mis hijos y mi familia; sin embargo, dejar\u00eda de ser H\u00e9ctor Su\u00e1rez si me quedo callado. No tengo atole en las venas<\/q>.<\/p>\n\n\n\n<p>Agreg\u00f3:&nbsp;<q>los actores somos el reflejo de lo que sucede en el gobierno, en un pa\u00eds; eso es lo que van a ver a trav\u00e9s de la comedia, adem\u00e1s de situaciones pol\u00edticas que est\u00e1n sucediendo<\/q>.<\/p>\n\n\n\n<p>Ten\u00eda conciencia social, afirm\u00f3 su amigo H\u00e9ctor Bonilla. Ambos compart\u00edan la manera de pensar, aunque a veces en diferentes direcciones, situaci\u00f3n que nunca los separ\u00f3, cont\u00f3 el actor a Notimex.&nbsp;<q>As\u00ed era, yo un poco m\u00e1s a la izquierda, pero ambos quer\u00edamos lo mejor para nuestro pa\u00eds<\/q>.<\/p>\n\n\n\n<p>Agreg\u00f3:&nbsp;<q>de pronto gener\u00f3 una enorme cantidad de personajes, que \u00e9l mismo interpretaba, escrib\u00eda y dirig\u00eda con un vigor y un talento impresionante. Creo que es lo m\u00e1s acertado que hizo<\/q>.<\/p>\n\n\n\n<p>H\u00e9ctor Su\u00e1rez naci\u00f3 el 21 de octubre de 1938. Actu\u00f3 en teatro y luego en televisi\u00f3n y cine.<\/p>\n","protected":false},"excerpt":{"rendered":"<p>El drama, el melodrama, la comedia, la tragicomedia, la farsa, el sainete y todos los dem\u00e1s g\u00e9neros de la actuaci\u00f3n eran el amor de H\u00e9ctor Su\u00e1rez, quien los desarroll\u00f3 en teatro, cine, televisi\u00f3n y cabaret. Al teatro lo llamaba su disciplina y&nbsp;si es comedia, mejor, pues hay mucha tristeza, desesperaci\u00f3n y angustia&#8230; somos soldados del [&hellip;]<\/p>\n","protected":false},"author":1,"featured_media":177,"comment_status":"open","ping_status":"open","sticky":false,"template":"","format":"standard","meta":{"footnotes":""},"categories":[12],"tags":[],"class_list":["post-176","post","type-post","status-publish","format-standard","has-post-thumbnail","hentry","category-sin-categoria"],"_links":{"self":[{"href":"https:\/\/podernacional.com\/index.php?rest_route=\/wp\/v2\/posts\/176","targetHints":{"allow":["GET"]}}],"collection":[{"href":"https:\/\/podernacional.com\/index.php?rest_route=\/wp\/v2\/posts"}],"about":[{"href":"https:\/\/podernacional.com\/index.php?rest_route=\/wp\/v2\/types\/post"}],"author":[{"embeddable":true,"href":"https:\/\/podernacional.com\/index.php?rest_route=\/wp\/v2\/users\/1"}],"replies":[{"embeddable":true,"href":"https:\/\/podernacional.com\/index.php?rest_route=%2Fwp%2Fv2%2Fcomments&post=176"}],"version-history":[{"count":0,"href":"https:\/\/podernacional.com\/index.php?rest_route=\/wp\/v2\/posts\/176\/revisions"}],"wp:featuredmedia":[{"embeddable":true,"href":"https:\/\/podernacional.com\/index.php?rest_route=\/wp\/v2\/media\/177"}],"wp:attachment":[{"href":"https:\/\/podernacional.com\/index.php?rest_route=%2Fwp%2Fv2%2Fmedia&parent=176"}],"wp:term":[{"taxonomy":"category","embeddable":true,"href":"https:\/\/podernacional.com\/index.php?rest_route=%2Fwp%2Fv2%2Fcategories&post=176"},{"taxonomy":"post_tag","embeddable":true,"href":"https:\/\/podernacional.com\/index.php?rest_route=%2Fwp%2Fv2%2Ftags&post=176"}],"curies":[{"name":"wp","href":"https:\/\/api.w.org\/{rel}","templated":true}]}}