{"id":17636,"date":"2023-07-22T15:00:29","date_gmt":"2023-07-22T20:00:29","guid":{"rendered":"https:\/\/podernacional.com\/?p=17636"},"modified":"2023-07-22T18:30:01","modified_gmt":"2023-07-22T18:30:01","slug":"niurka-estalla-acusa-a-wendy-guevara-de-ser-mas-vulgar-que-ella-que-habra-provocado-esta-controvertida-declaracion-en-la-casa-de-los-famosos-detalles-impactantes","status":"publish","type":"post","link":"https:\/\/podernacional.com\/?p=17636","title":{"rendered":"&quot;\u00a1Niurka estalla! Acusa a Wendy Guevara de ser &#039;m\u00e1s vulgar&#039; que ella. \u00bfQu\u00e9 habr\u00e1 provocado esta controvertida declaraci\u00f3n en La Casa de los Famosos? \u00a1Detalles impactantes aqu\u00ed!&quot;"},"content":{"rendered":"<div class=\"newsfull__excerpt\">\n<h4 style=\"text-align: center;\">La actriz cubana nuevamente lanz\u00f3 cr\u00edticas sobre la estrella de \u201cLa Casa de los Famosos\u201d<\/h4>\n<\/div>\n<div class=\"newsfull__line\">\n<p>Desde que el video de\u00a0<i><strong>\u201cLas Perdidas\u201d<\/strong><\/i>\u00a0se volvi\u00f3 viral a\u00f1os atr\u00e1s,\u00a0<strong>Wendy Guevara<\/strong>\u00a0se ha ganado el cari\u00f1o de millones alrededor del mundo, lo que la llev\u00f3 a participar en la primera edici\u00f3n del programa\u00a0<i><strong>\u201cLa Casa de los Famosos M\u00e9xico\u201d<\/strong><\/i>en junio pasado.<\/p>\n<p>La creadora de contenido mexicana, de 29 a\u00f1os, se ha posicionado como una de las participantes m\u00e1s populares, siendo una fuerte contendiente para llegar a la recta final y llevarse el premio de\u00a0<strong>4 millones de pesos<\/strong>.<\/p>\n<p>Sin embargo, con la fama y popularidad tambi\u00e9n han llegado la envidia y los malos comentarios.\u00a0<strong>Niurka Marcos<\/strong>, madre de\u00a0<strong>Emilio Osorio<\/strong>\u00a0y tambi\u00e9n participante en el mismo equipo<i><strong>\u00a0Team Infierno<\/strong><\/i>\u00a0que Wendy en\u00a0<i><strong>\u201cLa Casa de los Famosos M\u00e9xico\u201d<\/strong><\/i>, la llam\u00f3 \u00abvulgar\u00bb durante una entrevista con\u00a0<strong>Mara Patricia Casta\u00f1eda<\/strong>.<\/p>\n<h2>TACHA A WENDY DE VULGAR<\/h2>\n<p>La vedette cubana expres\u00f3 su opini\u00f3n sobre Wendy, tach\u00e1ndola de\u00a0<i><strong>\u00abordinaria, vulgar, desatada y ch\u00fapate\u00bb<\/strong><\/i>, aunque reconoci\u00f3 que la popularidad de Wendy la supera ampliamente y que es adorada y venerada por sus seguidores. Sin embargo, Niurka destac\u00f3 que ha conocido personas como la famosa en los antros y que le regalaron el privilegio de romper el contexto de la televisi\u00f3n.<\/p>\n<p>Pese a las cr\u00edticas, Wendy Guevara sigue conquistando el coraz\u00f3n del p\u00fablico y es una de las figuras m\u00e1s destacadas en La\u00a0<i><strong>\u201cCasa de los Famosos M\u00e9xico\u201d<\/strong><\/i>, donde su autenticidad y personalidad han sido bien recibidas por millones de mexicanos que la siguen d\u00eda a d\u00eda en el famoso reality show.<\/p>\n<div>\n<div id=\"tiktok-464\" class=\"ck-tiktok\"><\/div>\n<\/div>\n<\/div>\n","protected":false},"excerpt":{"rendered":"<p>La actriz cubana nuevamente lanz\u00f3 cr\u00edticas sobre la estrella de \u201cLa Casa de los Famosos\u201d Desde que el video de\u00a0\u201cLas Perdidas\u201d\u00a0se volvi\u00f3 viral a\u00f1os atr\u00e1s,\u00a0Wendy Guevara\u00a0se ha ganado el cari\u00f1o de millones alrededor del mundo, lo que la llev\u00f3 a participar en la primera edici\u00f3n del programa\u00a0\u201cLa Casa de los Famosos M\u00e9xico\u201den junio pasado. La [&hellip;]<\/p>\n","protected":false},"author":1,"featured_media":17638,"comment_status":"open","ping_status":"closed","sticky":false,"template":"","format":"standard","meta":{"footnotes":""},"categories":[4],"tags":[],"class_list":["post-17636","post","type-post","status-publish","format-standard","has-post-thumbnail","hentry","category-espectaculos"],"_links":{"self":[{"href":"https:\/\/podernacional.com\/index.php?rest_route=\/wp\/v2\/posts\/17636","targetHints":{"allow":["GET"]}}],"collection":[{"href":"https:\/\/podernacional.com\/index.php?rest_route=\/wp\/v2\/posts"}],"about":[{"href":"https:\/\/podernacional.com\/index.php?rest_route=\/wp\/v2\/types\/post"}],"author":[{"embeddable":true,"href":"https:\/\/podernacional.com\/index.php?rest_route=\/wp\/v2\/users\/1"}],"replies":[{"embeddable":true,"href":"https:\/\/podernacional.com\/index.php?rest_route=%2Fwp%2Fv2%2Fcomments&post=17636"}],"version-history":[{"count":1,"href":"https:\/\/podernacional.com\/index.php?rest_route=\/wp\/v2\/posts\/17636\/revisions"}],"predecessor-version":[{"id":17637,"href":"https:\/\/podernacional.com\/index.php?rest_route=\/wp\/v2\/posts\/17636\/revisions\/17637"}],"wp:featuredmedia":[{"embeddable":true,"href":"https:\/\/podernacional.com\/index.php?rest_route=\/wp\/v2\/media\/17638"}],"wp:attachment":[{"href":"https:\/\/podernacional.com\/index.php?rest_route=%2Fwp%2Fv2%2Fmedia&parent=17636"}],"wp:term":[{"taxonomy":"category","embeddable":true,"href":"https:\/\/podernacional.com\/index.php?rest_route=%2Fwp%2Fv2%2Fcategories&post=17636"},{"taxonomy":"post_tag","embeddable":true,"href":"https:\/\/podernacional.com\/index.php?rest_route=%2Fwp%2Fv2%2Ftags&post=17636"}],"curies":[{"name":"wp","href":"https:\/\/api.w.org\/{rel}","templated":true}]}}