{"id":17705,"date":"2023-07-27T16:10:02","date_gmt":"2023-07-27T21:10:02","guid":{"rendered":"https:\/\/podernacional.com\/?p=17705"},"modified":"2023-07-27T21:10:05","modified_gmt":"2023-07-27T21:10:05","slug":"la-fuerza-de-la-transformacion-esta-en-el-pueblo-de-mexico-claudia-sheinbaum","status":"publish","type":"post","link":"https:\/\/podernacional.com\/?p=17705","title":{"rendered":"&quot;La fuerza de la Transformaci\u00f3n est\u00e1 en el pueblo de M\u00e9xico&quot;: Claudia Sheinbaum"},"content":{"rendered":"<ul class=\"jsx-1985951014\">\n<li class=\"jsx-1985951014\">Fue arropada por el cari\u00f1o de habitantes de la alcald\u00eda Gustavo A. Madero en donde la lluvia no fue impedimento para defender la consolidaci\u00f3n de la Cuarta Transformaci\u00f3n.<\/li>\n<li class=\"jsx-1985951014 fi-aic_250\">Tras hacer un sondeo con los simpatizantes de la alcald\u00eda capitalina, Sheinbaum Pardo se comprometi\u00f3 a regresar el martes 8 de agosto, a la demarcaci\u00f3n, para continuar con la defensa de la 4T.\n<p class=\"jsx-3954459878\">\u2019\u2019La fuerza de la Transformaci\u00f3n est\u00e1 en cada una y cada uno de ustedes, est\u00e1 en cada adulto mayor que recibe su pensi\u00f3n universal, est\u00e1 en cada joven que recibe una beca, est\u00e1 en cada joven que recibe el apoyo de J\u00f3venes Construyendo el Futuro, est\u00e1 en cada ni\u00f1a y ni\u00f1o que reciben el apoyo de Mi Beca para Empezar, est\u00e1 en todas las escuelas, en todos los maestros que recibieron su basificaci\u00f3n, la fuerza de la Transformaci\u00f3n est\u00e1 en cada uno de los habitantes de esta hermosa demarcaci\u00f3n, pero sobre todo la fuerza de la Transformaci\u00f3n est\u00e1 en el pueblo de M\u00e9xico, asegur\u00f3 Claudia Sheinbaum Pardo desde la Alcald\u00eda Gustavo A. Madero, pese a la lluvia que se registr\u00f3 la tarde de este mi\u00e9rcoles.<\/p>\n<p class=\"jsx-3954459878 fi-aic_250\">Durante su discurso, como parte de las Asambleas Informativas para definir la Coordinaci\u00f3n de Defensa de la Cuarta Transformaci\u00f3n, la ex Jefa de Gobierno de la Ciudad de M\u00e9xico hizo un llamado a la continuidad de un gobierno que ahora ve por los m\u00e1s pobres y que acab\u00f3 con los privilegios de los m\u00e1s ricos, por lo que destac\u00f3 la importancia de consolidar el logro que en el 2018 consigui\u00f3 el pueblo de M\u00e9xico con la llegada de Andr\u00e9s Manuel L\u00f3pez Obrador a la presidencia y que ahora puede continuar generando grandes cambios, en especial en favor de las mujeres.<\/p>\n<p class=\"jsx-3954459878\">Asimismo, Claudia Sheinbaum asever\u00f3 que, con base en los datos de la \u00faltima Encuesta Nacional de Ingresos y Gastos en los Hogares (ENIGH), realizada por el\u00a0<strong>Inegi<\/strong>, con la Cuarta Transformaci\u00f3n disminuyeron las desigualdades y la pobreza en el pa\u00eds.<\/p>\n<p class=\"jsx-3954459878 fi-aic_250\">\u201cCon la Cuarta Transformaci\u00f3n disminuyeron las desigualdades y disminuy\u00f3 la pobreza del pa\u00eds, por eso queremos que contin\u00fae la Transformaci\u00f3n y la fuerza de la Transformaci\u00f3n est\u00e1 en cada uno de nosotros, en seguirnos organizando, en seguir difundiendo y seguir trabajando para que contin\u00fae la Cuarta Transformaci\u00f3n y que la Cuarta Transformaci\u00f3n tenga rostro de mujer\u201d.<\/p>\n<p class=\"jsx-3954459878 fi-aic_250\">Agreg\u00f3 que no solo se trata de continuar con la transformaci\u00f3n del pa\u00eds, sino de avanzar con la defensa de los derechos m\u00e1s elementales de las y los mexicanos.<\/p>\n<p class=\"jsx-3954459878\">\u201cNo solamente es continuar con la Cuarta Transformaci\u00f3n, sino avanzar, avanzar en el derecho a la educaci\u00f3n, en el derecho a la salud, avanzar en el derecho a la vivienda que todav\u00eda hace falta, en ciencia y tecnolog\u00eda para cumplir con los derechos de M\u00e9xico\u201d.<\/p>\n<p class=\"jsx-3954459878\">Al respecto, Sheinbaum Pardo record\u00f3 que, como Jefa de Gobierno, en la Ciudad de M\u00e9xico implement\u00f3 proyectos de movilidad para garantizar un transporte m\u00e1s seguro, sustentable y sobre todo, accesible para los que menos tienen, como el Cableb\u00fas y el Troleb\u00fas Elevado.<\/p>\n<p class=\"jsx-3954459878 fi-aic_250\">Finalmente, agradeci\u00f3 a todas y todos los presentes que resistieron pese a la lluvia que se present\u00f3 en la Gustavo A. Madero y se comprometi\u00f3 a realizar una nueva Asamblea Informativa el martes 8 de agosto, esto tras realizar un sondeo con los simpatizantes que se dieron cita para escuchar su mensaje a favor de la continuidad de la Cuarta Transformaci\u00f3n.<\/p>\n<\/li>\n<\/ul>\n","protected":false},"excerpt":{"rendered":"<p>Fue arropada por el cari\u00f1o de habitantes de la alcald\u00eda Gustavo A. Madero en donde la lluvia no fue impedimento para defender la consolidaci\u00f3n de la Cuarta Transformaci\u00f3n. Tras hacer un sondeo con los simpatizantes de la alcald\u00eda capitalina, Sheinbaum Pardo se comprometi\u00f3 a regresar el martes 8 de agosto, a la demarcaci\u00f3n, para continuar [&hellip;]<\/p>\n","protected":false},"author":1,"featured_media":17707,"comment_status":"open","ping_status":"closed","sticky":false,"template":"","format":"standard","meta":{"footnotes":""},"categories":[7],"tags":[],"class_list":["post-17705","post","type-post","status-publish","format-standard","has-post-thumbnail","hentry","category-nacional"],"_links":{"self":[{"href":"https:\/\/podernacional.com\/index.php?rest_route=\/wp\/v2\/posts\/17705","targetHints":{"allow":["GET"]}}],"collection":[{"href":"https:\/\/podernacional.com\/index.php?rest_route=\/wp\/v2\/posts"}],"about":[{"href":"https:\/\/podernacional.com\/index.php?rest_route=\/wp\/v2\/types\/post"}],"author":[{"embeddable":true,"href":"https:\/\/podernacional.com\/index.php?rest_route=\/wp\/v2\/users\/1"}],"replies":[{"embeddable":true,"href":"https:\/\/podernacional.com\/index.php?rest_route=%2Fwp%2Fv2%2Fcomments&post=17705"}],"version-history":[{"count":1,"href":"https:\/\/podernacional.com\/index.php?rest_route=\/wp\/v2\/posts\/17705\/revisions"}],"predecessor-version":[{"id":17706,"href":"https:\/\/podernacional.com\/index.php?rest_route=\/wp\/v2\/posts\/17705\/revisions\/17706"}],"wp:featuredmedia":[{"embeddable":true,"href":"https:\/\/podernacional.com\/index.php?rest_route=\/wp\/v2\/media\/17707"}],"wp:attachment":[{"href":"https:\/\/podernacional.com\/index.php?rest_route=%2Fwp%2Fv2%2Fmedia&parent=17705"}],"wp:term":[{"taxonomy":"category","embeddable":true,"href":"https:\/\/podernacional.com\/index.php?rest_route=%2Fwp%2Fv2%2Fcategories&post=17705"},{"taxonomy":"post_tag","embeddable":true,"href":"https:\/\/podernacional.com\/index.php?rest_route=%2Fwp%2Fv2%2Ftags&post=17705"}],"curies":[{"name":"wp","href":"https:\/\/api.w.org\/{rel}","templated":true}]}}