{"id":179,"date":"2020-06-03T23:41:13","date_gmt":"2020-06-03T23:41:13","guid":{"rendered":"http:\/\/whatsappcancun.com\/?p=179"},"modified":"2020-06-03T23:41:13","modified_gmt":"2020-06-03T23:41:13","slug":"mi-esperanza-es-esa-juventud-que-protesta-contra-el-racismo-spike-lee","status":"publish","type":"post","link":"https:\/\/podernacional.com\/?p=179","title":{"rendered":"Mi esperanza es esa juventud que protesta contra el racismo: Spike Lee"},"content":{"rendered":"\n<p>No es la primera vez que&nbsp;<em>Haz lo correcto (Do the Right Thing)<\/em>&nbsp;vuelve a ser tan urgente, pero la pel\u00edcula de Spike Lee de 1989 resurge con una importancia apremiante tras la muerte de George Floyd.<\/p>\n\n\n\n<p>El lunes Lee estren\u00f3 un cortometraje titulado&nbsp;<em>3 Brothers<\/em>&nbsp;que conecta la muerte de Radio Raheem, interpretado por Bill Nunn, en&nbsp;<em>Haz lo correcto&nbsp;<\/em>(postulada a dos premios \u00d3scar) con las muertes de Floyd y Eric Garner. Floyd falleci\u00f3 la semana pasada luego de que un polic\u00eda blanco de Minneapolis presionara su rodilla contra su nuca mientras \u00e9l suplicaba por aire. El&nbsp;<q>no puedo respirar<\/q>&nbsp;de Garner se convirti\u00f3 en un grito de batalla contra la brutalidad policial en 2014.<\/p>\n\n\n\n<p>En la pantalla aparece la pregunta:&nbsp;<q>\u00bfDejar\u00e1 de repetirse la la historia?<\/q><\/p>\n\n\n\n<p><q>He visto esto antes, no es nuevo<\/q>, se\u00f1al\u00f3 Lee en una entrevista con The Associated Press el lunes.&nbsp;<q>Nac\u00ed en 57, as\u00ed que ten\u00eda 11 a\u00f1os cuando vi los disturbios por el asesinato de Martin Luther King, despu\u00e9s con Rodney King y con el veredicto de Simi Valley, Trayvon Martin y Ferguson<\/q>.<\/p>\n\n\n\n<p><q>La gente est\u00e1 cansada y sale a las calles<\/q>, indic\u00f3 Lee.<\/p>\n\n\n\n<p><em>Do the Right Thing,<\/em>&nbsp;sobre las crecientes tensiones raciales en un caluroso d\u00eda de verano en el barrio de Bedford-Stuyvesant en Brooklyn, se inspir\u00f3 en hechos reales. En la pel\u00edcula, Raheem muere asfixiado por un polic\u00eda y esto desata una revuelta.<\/p>\n\n\n\n<p>Lee se bas\u00f3 en el asesinato de Michael Stewart, artista de grafiti que muri\u00f3 a manos de la polic\u00eda de Nueva York en 1983. El realizador le dedic\u00f3 la pel\u00edcula a su familia, as\u00ed como a otras tantas personas negras asesinadas por la polic\u00eda.<\/p>\n","protected":false},"excerpt":{"rendered":"<p>No es la primera vez que&nbsp;Haz lo correcto (Do the Right Thing)&nbsp;vuelve a ser tan urgente, pero la pel\u00edcula de Spike Lee de 1989 resurge con una importancia apremiante tras la muerte de George Floyd. El lunes Lee estren\u00f3 un cortometraje titulado&nbsp;3 Brothers&nbsp;que conecta la muerte de Radio Raheem, interpretado por Bill Nunn, en&nbsp;Haz lo [&hellip;]<\/p>\n","protected":false},"author":1,"featured_media":183,"comment_status":"open","ping_status":"open","sticky":false,"template":"","format":"standard","meta":{"footnotes":""},"categories":[12],"tags":[],"class_list":["post-179","post","type-post","status-publish","format-standard","has-post-thumbnail","hentry","category-sin-categoria"],"_links":{"self":[{"href":"https:\/\/podernacional.com\/index.php?rest_route=\/wp\/v2\/posts\/179","targetHints":{"allow":["GET"]}}],"collection":[{"href":"https:\/\/podernacional.com\/index.php?rest_route=\/wp\/v2\/posts"}],"about":[{"href":"https:\/\/podernacional.com\/index.php?rest_route=\/wp\/v2\/types\/post"}],"author":[{"embeddable":true,"href":"https:\/\/podernacional.com\/index.php?rest_route=\/wp\/v2\/users\/1"}],"replies":[{"embeddable":true,"href":"https:\/\/podernacional.com\/index.php?rest_route=%2Fwp%2Fv2%2Fcomments&post=179"}],"version-history":[{"count":0,"href":"https:\/\/podernacional.com\/index.php?rest_route=\/wp\/v2\/posts\/179\/revisions"}],"wp:featuredmedia":[{"embeddable":true,"href":"https:\/\/podernacional.com\/index.php?rest_route=\/wp\/v2\/media\/183"}],"wp:attachment":[{"href":"https:\/\/podernacional.com\/index.php?rest_route=%2Fwp%2Fv2%2Fmedia&parent=179"}],"wp:term":[{"taxonomy":"category","embeddable":true,"href":"https:\/\/podernacional.com\/index.php?rest_route=%2Fwp%2Fv2%2Fcategories&post=179"},{"taxonomy":"post_tag","embeddable":true,"href":"https:\/\/podernacional.com\/index.php?rest_route=%2Fwp%2Fv2%2Ftags&post=179"}],"curies":[{"name":"wp","href":"https:\/\/api.w.org\/{rel}","templated":true}]}}