{"id":17996,"date":"2023-08-11T15:30:08","date_gmt":"2023-08-11T20:30:08","guid":{"rendered":"https:\/\/podernacional.com\/?p=17996"},"modified":"2023-08-11T20:30:18","modified_gmt":"2023-08-11T20:30:18","slug":"escandalo-sin-censura-gloria-trevi-lanza-su-bioserie-ellas-soy-yo-y-revela-todos-los-secretos-ocultos-de-su-vida-preparate-para-impactarte-con-la-verdad-cruda-y-sin-filtros-de-su-histori","status":"publish","type":"post","link":"https:\/\/podernacional.com\/?p=17996","title":{"rendered":"\u00ab\u00a1Esc\u00e1ndalo sin censura! Gloria Trevi lanza su bioserie &#8216;Ellas soy yo&#8217; y revela todos los secretos ocultos de su vida. Prep\u00e1rate para impactarte con la verdad cruda y sin filtros de su historia.\u00bb"},"content":{"rendered":"<h4 class=\"lead font-1 fs18\" style=\"text-align: center;\">La bioserie se estren\u00f3 este 11 de agosto, es protagonizada por Scarlet Gruber, quien da vida a la cantante regiomontana desde la etapa joven dentro de una historia que consta de 50 cap\u00edtulos, producida por Carla Estrada<\/h4>\n<div class=\"block\">\n<div class=\"info\">\n<div class=\"bylines font-2 bold fs12\">\n<div class=\"byline text-uppercase\">\n<p>En el 2000 una de las noticias que acapararon la atenci\u00f3n de los titulares en la televisi\u00f3n, prensa escrita, radio y hasta en las conversaciones casuales de familia era la detenci\u00f3n de Gloria Trevi y su m\u00e1nager Sergio Andrade, al menos ella con las acusaciones de violaci\u00f3n, secuestro y corrupci\u00f3n de menores.<\/p>\n<p>Hoy a 23 a\u00f1os de distancia\u00a0<i>La Trevi<\/i>\u00a0decidi\u00f3 hablar por medio de una bioserie para contar su verdad, titulada Ella soy yo: Gloria Trevi, la cual se estren\u00f3 este 11 de agosto.<\/p>\n<p>De la mano de la ic\u00f3nica productora mexicana Carla Estrada, Trevi har\u00e1 un repaso por diversas etapas de su vida, con la intenci\u00f3n de tumbar los chismes y versiones que la han envuelto en muchos a\u00f1os, inform\u00f3 vanguardia.com<\/p>\n<p>Fueron al menos<b>\u00a0<\/b>dos a\u00f1os de preparaci\u00f3n de la historia y preproducci\u00f3n, inclusive en algunas ocasiones se hablaba de que el proyecto estaba cancelado o congelado por Televisa. Hoy tras esa tormenta de especulaciones ser\u00e1 una realidad y desde VIX Premium.<\/p>\n<p>De viaje con su reciente gira Gloria Trevi se ha dado poco espacio para promocionar la que podr\u00eda ser la carta m\u00e1s fuerte para compartir su versi\u00f3n y limpiar aquellas responsabilidades que le fueron colgadas medi\u00e1ticamente.<\/p>\n<p>\u201cMucha gente sale y muchos fans, todav\u00eda no he visto ni un cap\u00edtulo, cont\u00e9 la historia le\u00ed los cap\u00edtulos, luego haz de cuenta hice algunos comentarios y no pude volver a leer, estoy nerviosa\u201d, dijo la cantante sobre el estreno de su bioserie cuando entr\u00f3 de visita a\u00a0<i><b>La Casa de los Famosos<\/b><\/i>.<\/p>\n<p>Continu\u00f3 diciendo que estaba nerviosa por la expectativa de lo que provocar\u00eda, sin embargo, asegur\u00f3 que era un proyecto hecho con amor.<\/p>\n<p>\u201cSe hizo con mucho amor de mi parte, la productora Carla Estrada es una rechingona, la verdad estoy nerviosilla porque se estrena en la semana de 7 de agosto en VIX\u201d, dijo la int\u00e9rprete de\u00a0<i><b>5 minutos.<\/b><\/i><\/p>\n<p><i><b>\u2018Ellas Soy Yo: Gloria Trevi<\/b><\/i>\u00a0cuenta con la actuaci\u00f3n de Jorge Poza, quien interpretar\u00e1 el personaje de un representante, m\u00e1nager y productor musical y art\u00edstico de la Gloria interpretada por la venezolana Scarlet Gruber.<\/p>\n<p>Durante esa charla con los habitantes del reality, Gloria se confes\u00f3 sobre los guiones y c\u00f3mo ir\u00e1 contada su muy criticada y juzgada vida sobre y detr\u00e1s de los escenarios.<\/p>\n<p>\u201cSi hay gente que ha visto y me dicen cosas muy padres, estoy muy nerviosa porque la verdad yo no hab\u00eda hablado de muchas cosas, porque cuando yo sal\u00ed de todo el esc\u00e1ndalo y toda esa situaci\u00f3n, yo quer\u00eda levantarme, pero no quer\u00eda dar l\u00e1stima, quer\u00eda levantarme as\u00ed con la cara fuerte, como v\u00edctima\u201d, asegur\u00f3 la ex protagonista de la telenovela\u00a0<i><b>Libre Para Amarte<\/b><\/i>.<\/p>\n<p>\u201cDefinitivamente<b>\u00a0<\/b>es una serie pol\u00e9mica<b>\u00a0<\/b>y esa pol\u00e9mica genera conversaci\u00f3n, la conversaci\u00f3n genera conciencia y eso es lo m\u00e1s importante que se genere conciencia en muchas personas\u201d,<\/p>\n<p>Dijo que la bioserie se realiz\u00f3<b>\u00a0<\/b>a base de 70 entrevistas y es una historia con tintes de ficci\u00f3n.<\/p>\n<\/div>\n<\/div>\n<\/div>\n<\/div>\n","protected":false},"excerpt":{"rendered":"<p>La bioserie se estren\u00f3 este 11 de agosto, es protagonizada por Scarlet Gruber, quien da vida a la cantante regiomontana desde la etapa joven dentro de una historia que consta de 50 cap\u00edtulos, producida por Carla Estrada En el 2000 una de las noticias que acapararon la atenci\u00f3n de los titulares en la televisi\u00f3n, prensa [&hellip;]<\/p>\n","protected":false},"author":1,"featured_media":17998,"comment_status":"open","ping_status":"closed","sticky":false,"template":"","format":"standard","meta":{"footnotes":""},"categories":[4],"tags":[],"class_list":["post-17996","post","type-post","status-publish","format-standard","has-post-thumbnail","hentry","category-espectaculos"],"_links":{"self":[{"href":"https:\/\/podernacional.com\/index.php?rest_route=\/wp\/v2\/posts\/17996","targetHints":{"allow":["GET"]}}],"collection":[{"href":"https:\/\/podernacional.com\/index.php?rest_route=\/wp\/v2\/posts"}],"about":[{"href":"https:\/\/podernacional.com\/index.php?rest_route=\/wp\/v2\/types\/post"}],"author":[{"embeddable":true,"href":"https:\/\/podernacional.com\/index.php?rest_route=\/wp\/v2\/users\/1"}],"replies":[{"embeddable":true,"href":"https:\/\/podernacional.com\/index.php?rest_route=%2Fwp%2Fv2%2Fcomments&post=17996"}],"version-history":[{"count":1,"href":"https:\/\/podernacional.com\/index.php?rest_route=\/wp\/v2\/posts\/17996\/revisions"}],"predecessor-version":[{"id":17997,"href":"https:\/\/podernacional.com\/index.php?rest_route=\/wp\/v2\/posts\/17996\/revisions\/17997"}],"wp:featuredmedia":[{"embeddable":true,"href":"https:\/\/podernacional.com\/index.php?rest_route=\/wp\/v2\/media\/17998"}],"wp:attachment":[{"href":"https:\/\/podernacional.com\/index.php?rest_route=%2Fwp%2Fv2%2Fmedia&parent=17996"}],"wp:term":[{"taxonomy":"category","embeddable":true,"href":"https:\/\/podernacional.com\/index.php?rest_route=%2Fwp%2Fv2%2Fcategories&post=17996"},{"taxonomy":"post_tag","embeddable":true,"href":"https:\/\/podernacional.com\/index.php?rest_route=%2Fwp%2Fv2%2Ftags&post=17996"}],"curies":[{"name":"wp","href":"https:\/\/api.w.org\/{rel}","templated":true}]}}