{"id":17999,"date":"2023-08-11T15:32:09","date_gmt":"2023-08-11T20:32:09","guid":{"rendered":"https:\/\/podernacional.com\/?p=17999"},"modified":"2023-08-11T20:32:19","modified_gmt":"2023-08-11T20:32:19","slug":"nicolas-arrieta-aclaro-rumores-de-la-supuesta-relacion-con-el-hermano-de-lina-tejeiro","status":"publish","type":"post","link":"https:\/\/podernacional.com\/?p=17999","title":{"rendered":"Nicol\u00e1s Arrieta aclar\u00f3 rumores de la supuesta relaci\u00f3n con el hermano de Lina Tejeiro"},"content":{"rendered":"<h4 class=\"article-subheadline left \" style=\"text-align: center;\">El influenciador tambi\u00e9n arremeti\u00f3 contra los medios de comunicaci\u00f3n por convertir chistes en noticias<\/h4>\n<div class=\"byline\">\n<p class=\"paragraph\" data-mrf-recirculation=\"Links inline\">Una<b>\u00a0pregunta en redes sociales\u00a0<\/b>hizo que se relacionara a\u00a0<b>Nicol\u00e1s Arrieta con Andr\u00e9s Tejeiro<\/b>, hermano de\u00a0<b>Lina Tejeiro<\/b>, pues le preguntaron al creador de contenido si<b>\u00a0exist\u00eda una relaci\u00f3n amorosa<\/b>\u00a0entre ellos. El problema fue que en ese momento Arrieta no neg\u00f3 la pregunta, por lo que los rumores tomaron fuerza.<\/p>\n<p class=\"paragraph\" data-mrf-recirculation=\"Links inline\">Pero, en la tarde del jueves 10 de agosto de 2023, a trav\u00e9s de un video en su cuenta oficial de Instagram,<b>\u00a0Nicol\u00e1s Arrieta puso punto final<\/b>\u00a0a los chismes y asegur\u00f3 que<b>\u00a0todo se trat\u00f3 de un chiste<\/b>, inclusive le envi\u00f3 un fuerte mensaje a los medios de comunicaci\u00f3n del pa\u00eds, pues asegur\u00f3 que, al parecer, los periodistas en Colombia no tienen m\u00e1s que hacer que tomar chistes y hacerlos noticia.<\/p>\n<div class=\"inline ad-wrapper\">\n<div class=\"dfpAd ad-inline\">En su video, Nicol\u00e1s Arrieta public\u00f3 parte de la nota que un medio de comunicaci\u00f3n le dedic\u00f3 por su supuesta relaci\u00f3n con Andr\u00e9s Tejeiro, y comenz\u00f3 por cuestionar la informaci\u00f3n dada a conocer por el medio: <b>\u201cSolo tengo una pregunta, \u00bfqu\u00e9 es esta mierda?\u201d.<\/b><\/div>\n<\/div>\n<p class=\"paragraph\" data-mrf-recirculation=\"Links inline\">Arrieta continu\u00f3 cuestionando las noticias que se comparten en Colombia, pues asegur\u00f3 que los medios de comunicaci\u00f3n, al parecer, no tienen nadas m\u00e1s que hacer, sino estar pendientes de<b>\u00a0los chistes que hace la gente para publicarlos\u00a0<\/b>y crear notas.<\/p>\n<p class=\"paragraph\" data-mrf-recirculation=\"Links inline\">\u201cSolo tengo una pregunta, las noticias no tienen ni mierda m\u00e1s que hacer que poner un puto chiste, bueno igual que se le pide a un periodicucho de huevonadas\u201d.<\/p>\n<p class=\"paragraph\" data-mrf-recirculation=\"Links inline\">Al final, Nicol\u00e1s Arrieta asegur\u00f3 que<b>\u00a0se ha tomado con gracia\u00a0<\/b>y a su estilo toda la controversia que se gener\u00f3 por la supuesta relaci\u00f3n con el hermano de la actriz, pero tambi\u00e9n asegur\u00f3 que\u00a0<b>ya no se pueden hacer chistes<\/b>, pues todo lo que se comparte en redes sociales se da como un hecho.<\/p>\n<p class=\"paragraph\" data-mrf-recirculation=\"Links inline\">\u201cHe recibido varios mensajes, igual yo me los tomo con gracias, \u00bfqu\u00e9 putas?. Ya no se pueden hacer chistes gente, ya se acab\u00f3 esta vaina\u201d<\/p>\n<p class=\"paragraph\" data-mrf-recirculation=\"Links inline\">Por su parte, <b>Lina Tejeiro<\/b>\u00a0no perdi\u00f3 la oportunidad de comentar la publicaci\u00f3n que comparti\u00f3 Arrieta y en modo de burla por toda la controversia que se creo escribi\u00f3:<b>\u00a0\u201cCu\u00f1ado jajajajaja\u201d<\/b>.<\/p>\n<div class=\"blockquote\">\n<blockquote class=\"color_figcaption\">\n<h2 class=\"header headline-class-h2\">El inicio del chisme<\/h2>\n<p class=\"paragraph\" data-mrf-recirculation=\"Links inline\">Nicol\u00e1s Arrieta y Andr\u00e9s Tejeiro fueron relacionados en un supuesto amor\u00edo porque son muy cercanos, inclusive, entrenar\u00edan juntos en el gimnasio, por lo que algunos usuarios de redes sociales asumieron que\u00a0<b>habr\u00eda algo m\u00e1s all\u00e1 de una amistad\u00a0<\/b>entre los dos.<\/p>\n<div class=\"recommended-card__info\">\n<p class=\"paragraph\" data-mrf-recirculation=\"Links inline\">Esas dudas hicieron que un usuario de Instagram le enviara un mensaje directo a Arrieta en el que le pregunt\u00f3 por la<b>\u00a0supuesta relaci\u00f3n\u00a0<\/b>entre el creador de contenido y el hermano de la actriz. Ante la sorpresa por el cuestionamiento, Nicol\u00e1s Arrieta no dud\u00f3 en compartir el pantallazo de la conversaci\u00f3n en redes sociales.<\/p>\n<p class=\"paragraph\" data-mrf-recirculation=\"Links inline\">\u201cNicol\u00e1s, te pregunto con todo respeto, \u00bfAndr\u00e9s Tejeiro es tu pareja? Si s\u00ed lo es d\u00e9jame decirte que tienes muy buen gusto. Un abrazo\u201d.<\/p>\n<p class=\"paragraph\" data-mrf-recirculation=\"Links inline\">Pero, a Nicol\u00e1s Arrieta no solo se le vincul\u00f3 con Andr\u00e9s Tejeiro, sino que tambi\u00e9n, con la propia\u00a0<b>Lina Tejeiro<\/b>, esto despu\u00e9s de que desde las cuentas oficiales del creador de contenido se publicaron varias fotos y videos con la actriz.<\/p>\n<p class=\"paragraph\" data-mrf-recirculation=\"Links inline\">En uno de los videos que public\u00f3 Nicol\u00e1s Arrieta en su cuenta de Instagram, se le puede ver junto a la actriz llanera mientras cantan vallenato. El video fue acompa\u00f1ado con el mensaje: \u201cWhen se escala la parranda con tus amigos, aunque Lina Tejeiro no toma jajajaja pero yo s\u00ed ya estaba mal\u201d.<\/p>\n<div class=\"recommended-card__info\">\n<p class=\"paragraph\" data-mrf-recirculation=\"Links inline\">Las publicaciones tambi\u00e9n han dejado ver que la actriz y el creador de contenido han compartido fechas importantes como, por ejemplo, el\u00a0<b>cumplea\u00f1os 32 de Arrieta<\/b>\u00a0y el concierto que\u00a0<b>Christian Nodal\u00a0<\/b>dio en Bogot\u00e1 el 28 de julio de 2023.<\/p>\n<div class=\"article-tags-container\" data-mrf-recirculation=\"Temas Relacionados\">\n<div class=\"article-tags-headline\">\n<div class=\"related-themes-icon\"><\/div>\n<\/div>\n<\/div>\n<\/div>\n<\/div>\n<\/blockquote>\n<\/div>\n<\/div>\n","protected":false},"excerpt":{"rendered":"<p>El influenciador tambi\u00e9n arremeti\u00f3 contra los medios de comunicaci\u00f3n por convertir chistes en noticias Una\u00a0pregunta en redes sociales\u00a0hizo que se relacionara a\u00a0Nicol\u00e1s Arrieta con Andr\u00e9s Tejeiro, hermano de\u00a0Lina Tejeiro, pues le preguntaron al creador de contenido si\u00a0exist\u00eda una relaci\u00f3n amorosa\u00a0entre ellos. El problema fue que en ese momento Arrieta no neg\u00f3 la pregunta, por lo [&hellip;]<\/p>\n","protected":false},"author":1,"featured_media":18001,"comment_status":"open","ping_status":"closed","sticky":false,"template":"","format":"standard","meta":{"footnotes":""},"categories":[4],"tags":[],"class_list":["post-17999","post","type-post","status-publish","format-standard","has-post-thumbnail","hentry","category-espectaculos"],"_links":{"self":[{"href":"https:\/\/podernacional.com\/index.php?rest_route=\/wp\/v2\/posts\/17999","targetHints":{"allow":["GET"]}}],"collection":[{"href":"https:\/\/podernacional.com\/index.php?rest_route=\/wp\/v2\/posts"}],"about":[{"href":"https:\/\/podernacional.com\/index.php?rest_route=\/wp\/v2\/types\/post"}],"author":[{"embeddable":true,"href":"https:\/\/podernacional.com\/index.php?rest_route=\/wp\/v2\/users\/1"}],"replies":[{"embeddable":true,"href":"https:\/\/podernacional.com\/index.php?rest_route=%2Fwp%2Fv2%2Fcomments&post=17999"}],"version-history":[{"count":1,"href":"https:\/\/podernacional.com\/index.php?rest_route=\/wp\/v2\/posts\/17999\/revisions"}],"predecessor-version":[{"id":18000,"href":"https:\/\/podernacional.com\/index.php?rest_route=\/wp\/v2\/posts\/17999\/revisions\/18000"}],"wp:featuredmedia":[{"embeddable":true,"href":"https:\/\/podernacional.com\/index.php?rest_route=\/wp\/v2\/media\/18001"}],"wp:attachment":[{"href":"https:\/\/podernacional.com\/index.php?rest_route=%2Fwp%2Fv2%2Fmedia&parent=17999"}],"wp:term":[{"taxonomy":"category","embeddable":true,"href":"https:\/\/podernacional.com\/index.php?rest_route=%2Fwp%2Fv2%2Fcategories&post=17999"},{"taxonomy":"post_tag","embeddable":true,"href":"https:\/\/podernacional.com\/index.php?rest_route=%2Fwp%2Fv2%2Ftags&post=17999"}],"curies":[{"name":"wp","href":"https:\/\/api.w.org\/{rel}","templated":true}]}}