{"id":18002,"date":"2023-08-11T15:33:58","date_gmt":"2023-08-11T20:33:58","guid":{"rendered":"https:\/\/podernacional.com\/?p=18002"},"modified":"2023-08-11T20:34:00","modified_gmt":"2023-08-11T20:34:00","slug":"aerolinea-del-gobierno-de-mexico-inicio-de-operaciones-rutas-y-precios","status":"publish","type":"post","link":"https:\/\/podernacional.com\/?p=18002","title":{"rendered":"Aerol\u00ednea del gobierno de M\u00e9xico: inicio de operaciones, rutas y precios"},"content":{"rendered":"<div class=\"row\">\n<div class=\"col-sm-10 offset-sm-1\">\n<h4 class=\"sp_subtitle mt-4 mb-4\" style=\"text-align: center;\">La aerol\u00ednea del gobierno de M\u00e9xico iniciar\u00e1 operaciones en diciembre de este a\u00f1o, operada por la Secretar\u00eda de la Defensa Nacional.<\/h4>\n<\/div>\n<\/div>\n<div class=\"row\">\n<div class=\"col-12\">\n<p>Despu\u00e9s de 13 a\u00f1os de haber suspendido sus operaciones, Mexicana de Aviaci\u00f3n emprender\u00e1 una vez m\u00e1s el vuelo como la aerol\u00ednea del gobierno de M\u00e9xico. As\u00ed lo anunciaron Luisa Mar\u00eda Alcalde, secretaria de Gobernaci\u00f3n, y Luis Cresencio Sandoval, secretario de la Defensa, durante la conferencia matutina\u00a0<a href=\"https:\/\/www.youtube.com\/watch?v=hewk8l2Gc_M\">del presidente Andr\u00e9s Manuel L\u00f3pez Obrador<\/a>\u00a0el jueves 10 de agosto.<\/p>\n<p>\u00bfCu\u00e1les ser\u00e1n las rutas, cu\u00e1nto costar\u00e1n los boletos y c\u00f3mo operar\u00e1 esta aerol\u00ednea? Aqu\u00ed te lo decimos.<\/p>\n<h2 class=\"wp-block-heading\"><strong>Las rutas de la aerol\u00ednea del gobierno de M\u00e9xico<\/strong><\/h2>\n<p>El gobierno de M\u00e9xico rentar\u00e1\u00a0<strong>10 aviones marca Boeing 737-800 con capacidad para 180 pasajeros\u00a0<\/strong>cada uno para el inicio de operaciones de la aerol\u00ednea. Se estima que estos aviones sean entregados a finales de septiembre y octubre para\u00a0<strong>iniciar operaciones en diciembre<\/strong>.<\/p>\n<p>La aerol\u00ednea del gobierno de M\u00e9xico empezar\u00e1 con los siguientes 20 destinos comerciales nacionales:<\/p>\n<ol>\n<li>Canc\u00fan, Quintana Roo<\/li>\n<li>Cozumel, Quintana Roo<\/li>\n<li>Chetumal, Quintana Roo<\/li>\n<li>Guadalajara, Jalisco<\/li>\n<li>Puerto Vallarta, Jalisco<\/li>\n<li>Tijuana, Baja California<\/li>\n<li>Los Cabos, Baja California<\/li>\n<li>Huatulco, Oaxaca<\/li>\n<li>Oaxaca, Oaxaca<\/li>\n<li>Ixtapa Zihuatanejo, Guerrero<\/li>\n<li>Acapulco, Guerrero<\/li>\n<li>Monterrey, Nuevo Le\u00f3n<\/li>\n<li>Campeche, Campeche<\/li>\n<li>M\u00e9rida, Yucat\u00e1n<\/li>\n<li>Hermosillo, Sonora<\/li>\n<li>Ciudad Ju\u00e1rez, Chihuahua<\/li>\n<li>Villahermosa, Tabasco<\/li>\n<li>Mazatl\u00e1n, Sinaloa<\/li>\n<li>La Paz, Baja California Sur<\/li>\n<li>Le\u00f3n, Guanajuato<\/li>\n<\/ol>\n<p>Adem\u00e1s, el gobierno planea ampliar la lista con otros 16 destinos. Sin embargo, es necesario que esos aeropuertos realicen cambios en sus estructuras, pues, argumentaron que no cuentan con la infraestructura adecuada que permita la operaci\u00f3n de los aviones de la Aerol\u00ednea del Estado Mexicano. Los posibles destinos que se sumar\u00edan son:<\/p>\n<ol>\n<li>Ciudad Victoria, Tamaulipas<\/li>\n<li>Nuevo Laredo, Tamaulipas<\/li>\n<li>Matamoros, Tamaulipas<\/li>\n<li>Ciudad Obreg\u00f3n, Sonora<\/li>\n<li>Nogales, Sonora<\/li>\n<li>Guaymas, Sonora<\/li>\n<li>Ciudad del Carmen, Campeche<\/li>\n<li>Apodaca, Nuevo Le\u00f3n<\/li>\n<li>Tulum, Quintana Roo<\/li>\n<li>Ciudad Ixtepec, Oaxaca<\/li>\n<li>Loreto, Baja California Sur<\/li>\n<li>Palenque, Chiapas.<\/li>\n<li>Puebla, Puebla<\/li>\n<li>Tamu\u00edn, San Luis Potos\u00ed<\/li>\n<li>Uruapan, Michoac\u00e1n<\/li>\n<li>Colima, Colima<\/li>\n<\/ol>\n<h2 class=\"wp-block-heading\">\u00bfCu\u00e1nto costar\u00e1n los boletos de Mexicana de Aviaci\u00f3n?<\/h2>\n<p>Los boletos para los primeros vuelos de Mexicana de Aviaci\u00f3n ser\u00e1n vendidos a partir de septiembre de 2023, seg\u00fan lo dado a conocer en la conferencia. Los precios ser\u00e1n\u00a0<strong>18 o 20 por ciento menores\u00a0<\/strong>a los de otras marcas comerciales, seg\u00fan Sandoval.<\/p>\n<h2 class=\"wp-block-heading\"><strong>Cost\u00f3 815 millones de pesos revivir a Mexicana\u00a0<\/strong><\/h2>\n<p>La secretaria de Gobernaci\u00f3n, Luisa Mar\u00eda Alcalde Luj\u00e1n inform\u00f3 que la adquisici\u00f3n de todas las marcas y bienes embargados de Mexicana de Aviaci\u00f3n represent\u00f3 un gasto de\u00a0<strong>815 millones de pesos<\/strong>, de acuerdo con aval\u00faos realizados por el Instituto de Administraci\u00f3n y Aval\u00faos de Bienes Nacionales (Indaabin).<\/p>\n<p>Aclar\u00f3 que este monto ser\u00e1 repartido entre siete mil 407 trabajadores de Mexicana de Aviaci\u00f3n que perdieron su empleo en agosto de 2010 cuando fueron suspendidas las actividades de la empresa. Proporcionalmente,\u00a0<strong>a cada uno de los trabajadores afectados les corresponder\u00eda un monto de 110 mil 31 pesos.\u00a0<\/strong><\/p>\n<p>Se\u00f1al\u00f3 que desde el inicio de la administraci\u00f3n el gobierno federal por medio de la Secretar\u00eda del Trabajo y Previsi\u00f3n Social busc\u00f3 un acercamiento con los afectados para llegar a un acuerdo y revivir a Mexicana de Aviaci\u00f3n. Este acuerdo, dijo, se concret\u00f3 el 9 de agosto.<\/p>\n<h2 class=\"wp-block-heading\"><strong>Mexicana de Aviaci\u00f3n ser\u00e1 el nombre comercial de Aerol\u00ednea del Estado<\/strong><\/h2>\n<p>El presidente Andr\u00e9s Manuel L\u00f3pez Obrador instruy\u00f3 al secretario de la Defensa Nacional en julio del a\u00f1o pasado crear una aerol\u00ednea para el estado con la finalidad de realizar obras sociales que atiendan el progreso del pa\u00eds, seg\u00fan Sandoval.<\/p>\n<p>Fue as\u00ed que el 16 de junio de este a\u00f1o naci\u00f3 la\u00a0Aerol\u00ednea del Estado Mexicano Sociedad An\u00f3nima de Capital Variable, cuyas oficinas centrales se ubicar\u00e1n en la Ex Hacienda de Santa Luc\u00eda, en el Estado de M\u00e9xico. Sus bases de operaciones ser\u00e1n el Aeropuerto Internacional \u201cFelipe \u00c1ngeles\u201d (AIFA) en el Estado de M\u00e9xico y el Aeropuerto Internacional \u201cFelipe Carrillo Puerto\u201d en Tulum, Quintana Roo.<\/p>\n<p>Adelant\u00f3 que las aeronaves contar\u00e1n con los logotipos de Mexicana de Aviaci\u00f3n. Adem\u00e1s, dijo que la aerol\u00ednea del gobierno de M\u00e9xico tendr\u00e1 como nombre comercial \u201cMexicana de Aviaci\u00f3n\u201d.<\/p>\n<h2 class=\"wp-block-heading\">\u00bfCu\u00e1nto ha invertido el gobierno de M\u00e9xico en su aerol\u00ednea?<\/h2>\n<p>La inversi\u00f3n inicial para el arranque de operaciones de la aerol\u00ednea del gobierno de M\u00e9xico fue de\u00a0<strong>cuatro mil millones de d\u00f3lares<\/strong>, seg\u00fan Sandoval. Este monto ha sido destinado a los siguientes rubros:<\/p>\n<ul>\n<li>Renta de aeronaves.<\/li>\n<li>Combustible.<\/li>\n<li>Renta de inmuebles.<\/li>\n<li>Equipo de apoyo.<\/li>\n<li>Equipamiento de la empresa.<\/li>\n<\/ul>\n<p>Asimismo, dijo que la empresa ya cuenta con sus primeros\u00a0<strong>209 trabajadores formales<\/strong>, cifra que podr\u00eda aumentar a 745 antes del arranque formal de operaciones.<\/p>\n<\/div>\n<\/div>\n","protected":false},"excerpt":{"rendered":"<p>La aerol\u00ednea del gobierno de M\u00e9xico iniciar\u00e1 operaciones en diciembre de este a\u00f1o, operada por la Secretar\u00eda de la Defensa Nacional. Despu\u00e9s de 13 a\u00f1os de haber suspendido sus operaciones, Mexicana de Aviaci\u00f3n emprender\u00e1 una vez m\u00e1s el vuelo como la aerol\u00ednea del gobierno de M\u00e9xico. As\u00ed lo anunciaron Luisa Mar\u00eda Alcalde, secretaria de Gobernaci\u00f3n, [&hellip;]<\/p>\n","protected":false},"author":1,"featured_media":18004,"comment_status":"open","ping_status":"closed","sticky":false,"template":"","format":"standard","meta":{"footnotes":""},"categories":[7],"tags":[],"class_list":["post-18002","post","type-post","status-publish","format-standard","has-post-thumbnail","hentry","category-nacional"],"_links":{"self":[{"href":"https:\/\/podernacional.com\/index.php?rest_route=\/wp\/v2\/posts\/18002","targetHints":{"allow":["GET"]}}],"collection":[{"href":"https:\/\/podernacional.com\/index.php?rest_route=\/wp\/v2\/posts"}],"about":[{"href":"https:\/\/podernacional.com\/index.php?rest_route=\/wp\/v2\/types\/post"}],"author":[{"embeddable":true,"href":"https:\/\/podernacional.com\/index.php?rest_route=\/wp\/v2\/users\/1"}],"replies":[{"embeddable":true,"href":"https:\/\/podernacional.com\/index.php?rest_route=%2Fwp%2Fv2%2Fcomments&post=18002"}],"version-history":[{"count":1,"href":"https:\/\/podernacional.com\/index.php?rest_route=\/wp\/v2\/posts\/18002\/revisions"}],"predecessor-version":[{"id":18003,"href":"https:\/\/podernacional.com\/index.php?rest_route=\/wp\/v2\/posts\/18002\/revisions\/18003"}],"wp:featuredmedia":[{"embeddable":true,"href":"https:\/\/podernacional.com\/index.php?rest_route=\/wp\/v2\/media\/18004"}],"wp:attachment":[{"href":"https:\/\/podernacional.com\/index.php?rest_route=%2Fwp%2Fv2%2Fmedia&parent=18002"}],"wp:term":[{"taxonomy":"category","embeddable":true,"href":"https:\/\/podernacional.com\/index.php?rest_route=%2Fwp%2Fv2%2Fcategories&post=18002"},{"taxonomy":"post_tag","embeddable":true,"href":"https:\/\/podernacional.com\/index.php?rest_route=%2Fwp%2Fv2%2Ftags&post=18002"}],"curies":[{"name":"wp","href":"https:\/\/api.w.org\/{rel}","templated":true}]}}