{"id":18044,"date":"2023-08-14T11:03:46","date_gmt":"2023-08-14T16:03:46","guid":{"rendered":"https:\/\/podernacional.com\/?p=18044"},"modified":"2023-08-14T16:03:56","modified_gmt":"2023-08-14T16:03:56","slug":"que-ver-ahora-que-termino-la-casa-de-los-famosos-para-no-sentir-el-vacio-existencial","status":"publish","type":"post","link":"https:\/\/podernacional.com\/?p=18044","title":{"rendered":"Qu\u00e9 ver ahora que termin\u00f3 La casa de los famosos para no sentir el vac\u00edo existencial"},"content":{"rendered":"<div>\n<h4 id=\"m36-35-37\" class=\"article-epigraph \" style=\"text-align: center;\">Sabemos que vas a extra\u00f1ar La casa de los famosos; checa estos programas para llenar el vac\u00edo que te deje la final del reality show con Wendy Guevara<\/h4>\n<\/div>\n<p id=\"m86-85-87\" class=\"paragraph con \">La casa de los famosos M\u00e9xico fue uno de los programas m\u00e1s exitosos de la televisi\u00f3n mexicana,\u00a0rompi\u00f3 records de audiencia en las galas de los domingos.<\/p>\n<div class=\"article-content-ad \" data-ad-position=\"content\" data-article-id=\"540346\" data-article-category=\"entretenimiento\">\n<p id=\"m96-95-97\" class=\"paragraph con \">Sin embargo, el programa llega a su fin este 13 de agosto y los fans sentir\u00e1n un vac\u00edo existencial, ese que da despu\u00e9s de ver el final de tu serie favorita.<\/p>\n<p class=\"paragraph con \">Durante dos meses\u00a0<strong>Wendy Guevara y otros famosos estuvieron entretenimiento 24\/7 a los televidentes\u00a0<\/strong>y usuarios de Internet y ahora que se acabe el programa, quiz\u00e1 no sabes qu\u00e9 ver para llenar ese vac\u00edo de post reality show.<\/p>\n<h2 id=\"m111-110-112\" class=\"encabezado2 \">Programas para ver en lugar de La casa de los famosos<\/h2>\n<p id=\"m116-115-117\" class=\"paragraph con \">Tras finalizar La casa de los famosos puedes ver varios realities shows, de superviviencia, de drama, de chismes y hasta de talento.<\/p>\n<h2 id=\"m121-120-122\" class=\"encabezado2 \">El Hotel VIP<\/h2>\n<p class=\"paragraph con \">\u201cEl Hotel VIP\u201d, que se estrena el 16 de agosto por el Canal 5 y se transmitir\u00e1 de lunes a viernes a las 8:00 de la noche.<\/p>\n<p id=\"m136-135-137\" class=\"paragraph con \">Este programa es un formato similar al de La casa de los famosos M\u00e9xico. Se trata de un grupo de famosos que entrar\u00e1n a un hotel a vivir, pero la diferencia es que aqu\u00ed el p\u00fablico no vota y tendr\u00e1n que asegurar su estancia en el show promedio de ganar competencias.<\/p>\n<p id=\"m141-140-142\" class=\"paragraph con \">Quienes ganen ser\u00e1n hu\u00e9spedes del hotel y se les tratar\u00e1 como tal, mientras los perdedores tendr\u00e1n que fungir como trabajadores del hotel para atender a sus compa\u00f1eros.<\/p>\n<p id=\"m146-145-147\" class=\"paragraph con \">Los participantes de este programa son\u00a0<strong>El Burro Van Rankin, Colate, Vielka Valenzuela, Tefi Valenzuela, Silverio Rocchi, Pee wee, Natalia Subtil, Martha Figueroa, Mariana \u00c1vila, Manola Diez, Fer Sagreeb, Chevo Comediante, Christian Estrada y Roberto Tello, adem\u00e1s el conductor es Roberto Palazuelos.<\/strong><\/p>\n<div id=\"m151-150-152\" class=\"paragraph con \">\n<ul>\n<li>Cu\u00e1ndo inicia: 16 de agosto<\/li>\n<li>Horario: 8 pm<\/li>\n<li>D\u00f3nde verlo: Canal 5<br \/>\n<h2 id=\"m182-181-183\" class=\"encabezado2 \">La Isla<\/h2>\n<p id=\"m187-186-188\" class=\"paragraph con \">Despu\u00e9s del \u00e9xito de Survivor M\u00e9xico, TV Azteca tambi\u00e9n tendr\u00e1 su reality show con el que espera sacudir el rating de la televisi\u00f3n y regresar\u00e1 La Isla. El programa se estrena el 28 de agosto, a las 8.30 por Azteca Uno.\u00a0<strong>El conductor es Alejandro Lukini. Ahora el concepto se realizar\u00e1 en Turqu\u00eda, aunque todav\u00eda no se conocen los participantes.<\/strong><\/p>\n<div id=\"m192-191-193\" class=\"paragraph con \">\n<ul>\n<li>Cu\u00e1ndo inicia: 28 de agosto<\/li>\n<li>Horario: 8.30 pm<\/li>\n<li>D\u00f3nde verlo: Azteca Uno<br \/>\n<h2 id=\"m223-222-224\" class=\"encabezado2 \">Veo c\u00f3mo cantas<\/h2>\n<p id=\"m228-227-229\" class=\"paragraph con \">Este programa se transmitir\u00e1 los domingos, para que no extra\u00f1es las galas de eliminaci\u00f3n de La casa de los famosos de esos d\u00edas.\u00a0<strong>Comenzar\u00e1 el 20 de agosto a las 9 de la noche por el canal de Las Estrellas.<\/strong><\/p>\n<p class=\"paragraph con \">En divertidas din\u00e1micas un jurado integrado por famosos como Beto Cuevas, Erika Buenfil, Natalia T\u00e9llez, Jos\u00e9 Eduardo Derbez y Ricardo Montaner tienen que descubrir al concursante que peor canta.<\/p>\n<ul>\n<li>Cu\u00e1ndo inicia: 20 de agosto<\/li>\n<li>Horario: 9 pm<\/li>\n<li>D\u00f3nde verlo: Canal de Las Estrellas<\/li>\n<\/ul>\n<\/li>\n<\/ul>\n<\/div>\n<\/li>\n<\/ul>\n<\/div>\n<\/div>\n","protected":false},"excerpt":{"rendered":"<p>Sabemos que vas a extra\u00f1ar La casa de los famosos; checa estos programas para llenar el vac\u00edo que te deje la final del reality show con Wendy Guevara La casa de los famosos M\u00e9xico fue uno de los programas m\u00e1s exitosos de la televisi\u00f3n mexicana,\u00a0rompi\u00f3 records de audiencia en las galas de los domingos. Sin [&hellip;]<\/p>\n","protected":false},"author":1,"featured_media":18046,"comment_status":"open","ping_status":"closed","sticky":false,"template":"","format":"standard","meta":{"footnotes":""},"categories":[4],"tags":[],"class_list":["post-18044","post","type-post","status-publish","format-standard","has-post-thumbnail","hentry","category-espectaculos"],"_links":{"self":[{"href":"https:\/\/podernacional.com\/index.php?rest_route=\/wp\/v2\/posts\/18044","targetHints":{"allow":["GET"]}}],"collection":[{"href":"https:\/\/podernacional.com\/index.php?rest_route=\/wp\/v2\/posts"}],"about":[{"href":"https:\/\/podernacional.com\/index.php?rest_route=\/wp\/v2\/types\/post"}],"author":[{"embeddable":true,"href":"https:\/\/podernacional.com\/index.php?rest_route=\/wp\/v2\/users\/1"}],"replies":[{"embeddable":true,"href":"https:\/\/podernacional.com\/index.php?rest_route=%2Fwp%2Fv2%2Fcomments&post=18044"}],"version-history":[{"count":1,"href":"https:\/\/podernacional.com\/index.php?rest_route=\/wp\/v2\/posts\/18044\/revisions"}],"predecessor-version":[{"id":18045,"href":"https:\/\/podernacional.com\/index.php?rest_route=\/wp\/v2\/posts\/18044\/revisions\/18045"}],"wp:featuredmedia":[{"embeddable":true,"href":"https:\/\/podernacional.com\/index.php?rest_route=\/wp\/v2\/media\/18046"}],"wp:attachment":[{"href":"https:\/\/podernacional.com\/index.php?rest_route=%2Fwp%2Fv2%2Fmedia&parent=18044"}],"wp:term":[{"taxonomy":"category","embeddable":true,"href":"https:\/\/podernacional.com\/index.php?rest_route=%2Fwp%2Fv2%2Fcategories&post=18044"},{"taxonomy":"post_tag","embeddable":true,"href":"https:\/\/podernacional.com\/index.php?rest_route=%2Fwp%2Fv2%2Ftags&post=18044"}],"curies":[{"name":"wp","href":"https:\/\/api.w.org\/{rel}","templated":true}]}}