{"id":1805,"date":"2020-10-28T02:10:25","date_gmt":"2020-10-28T02:10:25","guid":{"rendered":"http:\/\/whatsappcancun.com\/?p=1805"},"modified":"2020-10-28T02:10:25","modified_gmt":"2020-10-28T02:10:25","slug":"se-contagia-gianni-infantino-de-covid-19","status":"publish","type":"post","link":"https:\/\/podernacional.com\/?p=1805","title":{"rendered":"Se contagia Gianni Infantino de Covid-19"},"content":{"rendered":"\n<p>Gianni Infantino, presidente de la&nbsp;<a href=\"https:\/\/es.wikipedia.org\/wiki\/FIFA\">FIFA<\/a>, se ha contagiado de Covid-19 y se encuentra en aislamiento para su recuperaci\u00f3n.<\/p>\n\n\n\n<p>Esto fue dado a conocer por la Federaci\u00f3n Internacional de Futbol Asociaci\u00f3n (FIFA) por medio de un comunicado, el cual se\u00f1ala que las condiciones de salud de Infantino son estables.<\/p>\n\n\n\n<p>Indic\u00f3 que se encuentra aislado con s\u00edntomas leves de coronavirus.<\/p>\n\n\n\n<p>El presidente del organismo estar\u00e1 en observaci\u00f3n durante los pr\u00f3ximos d\u00edas. Quienes estuvieron en contacto con \u00e9l los \u00faltimos d\u00edas ya fueron informados sobre su estado de salud actual, a fin de que tomen las medidas necesarias.<\/p>\n\n\n\n<h2 class=\"wp-block-heading\">Gianni Infantino se ha contagiado de Covid-19, al igual que otros directivos<\/h2>\n\n\n\n<p>As\u00ed como Gianni Infantino se ha contagiado de Covid-19, altos mandos del f\u00fatbol nacional e internacional tambi\u00e9n han ca\u00eddo ante la pandemia.<\/p>\n\n\n\n<p>En M\u00e9xico est\u00e1 el caso de Enrique Bonilla, presidente de la Liga MX, al igual que Alberto Marrero, CEO del Atl\u00e9tico de San Luis, y el due\u00f1o del club de las Chivas, Amaury Vergara.<\/p>\n\n\n\n<p>Cabe recordar que, por desgracia, en julio pasado falleci\u00f3 a C\u00e9sar Salinas a causa del coronavirus, quien fuera presidente de la Federaci\u00f3n Bolivariana de Futbol.<\/p>\n","protected":false},"excerpt":{"rendered":"<p>Gianni Infantino, presidente de la&nbsp;FIFA, se ha contagiado de Covid-19 y se encuentra en aislamiento para su recuperaci\u00f3n. Esto fue dado a conocer por la Federaci\u00f3n Internacional de Futbol Asociaci\u00f3n (FIFA) por medio de un comunicado, el cual se\u00f1ala que las condiciones de salud de Infantino son estables. Indic\u00f3 que se encuentra aislado con s\u00edntomas [&hellip;]<\/p>\n","protected":false},"author":1,"featured_media":1806,"comment_status":"open","ping_status":"open","sticky":false,"template":"","format":"standard","meta":{"footnotes":""},"categories":[3],"tags":[],"class_list":["post-1805","post","type-post","status-publish","format-standard","has-post-thumbnail","hentry","category-deportes"],"_links":{"self":[{"href":"https:\/\/podernacional.com\/index.php?rest_route=\/wp\/v2\/posts\/1805","targetHints":{"allow":["GET"]}}],"collection":[{"href":"https:\/\/podernacional.com\/index.php?rest_route=\/wp\/v2\/posts"}],"about":[{"href":"https:\/\/podernacional.com\/index.php?rest_route=\/wp\/v2\/types\/post"}],"author":[{"embeddable":true,"href":"https:\/\/podernacional.com\/index.php?rest_route=\/wp\/v2\/users\/1"}],"replies":[{"embeddable":true,"href":"https:\/\/podernacional.com\/index.php?rest_route=%2Fwp%2Fv2%2Fcomments&post=1805"}],"version-history":[{"count":0,"href":"https:\/\/podernacional.com\/index.php?rest_route=\/wp\/v2\/posts\/1805\/revisions"}],"wp:featuredmedia":[{"embeddable":true,"href":"https:\/\/podernacional.com\/index.php?rest_route=\/wp\/v2\/media\/1806"}],"wp:attachment":[{"href":"https:\/\/podernacional.com\/index.php?rest_route=%2Fwp%2Fv2%2Fmedia&parent=1805"}],"wp:term":[{"taxonomy":"category","embeddable":true,"href":"https:\/\/podernacional.com\/index.php?rest_route=%2Fwp%2Fv2%2Fcategories&post=1805"},{"taxonomy":"post_tag","embeddable":true,"href":"https:\/\/podernacional.com\/index.php?rest_route=%2Fwp%2Fv2%2Ftags&post=1805"}],"curies":[{"name":"wp","href":"https:\/\/api.w.org\/{rel}","templated":true}]}}