{"id":18110,"date":"2023-08-19T16:29:25","date_gmt":"2023-08-19T21:29:25","guid":{"rendered":"https:\/\/podernacional.com\/?p=18110"},"modified":"2023-08-19T21:29:27","modified_gmt":"2023-08-19T21:29:27","slug":"las-ventas-minoristas-de-mexico-crecen-en-el-interanual-en-junio","status":"publish","type":"post","link":"https:\/\/podernacional.com\/?p=18110","title":{"rendered":"Las ventas minoristas de M\u00e9xico crecen en el interanual en junio"},"content":{"rendered":"<h4 class=\"bajada\" style=\"text-align: center;\">El sector comercial al por menor en M\u00e9xico ha mostrado signos de recuperaci\u00f3n<\/h4>\n<div class=\"meta\">\n<div class=\"meta__inner\">\n<div class=\"meta__inner__autor__foto\">Los ingresos reales de las empresas comerciales al por menor crecieron\u00a0un 5.9% interanual en M\u00e9xico durante junio, seg\u00fan revel\u00f3 este viernes el Instituto Nacional de Estad\u00edstica y Geograf\u00eda (Inegi) con base en cifras originales.El repunte de\u00a0<strong>las ventas minoristas estuvo impulsado<\/strong>\u00a0por el repunte de 30.3% en las ventas exclusivamente a trav\u00e9s de Internet, y cat\u00e1logos impresos, televisi\u00f3n y similares.<\/p>\n<p>Tambi\u00e9n fue\u00a0<strong>resultado de las subidas en productos textiles y de calzado<\/strong>\u00a0(19.4%), y las ventas de tiendas de autoservicio y departamentales (17.5%).<\/p>\n<p>Asimismo, hubo incrementos en\u00a0<strong>menor medida en el comercio de art\u00edculos de papeler\u00eda, para el esparcimiento y otros art\u00edculos de uso personal (6.7%)<\/strong>; abarrotes, alimentos, bebidas, hielo y tabaco (6.7%), y art\u00edculos para el cuidado de la salud (4.8%).<\/p>\n<p>En contraste,\u00a0<strong>hubo decrementos en las ventas de\u00a0<\/strong>enseres dom\u00e9sticos, computadoras, art\u00edculos para la decoraci\u00f3n de interiores y art\u00edculos usados (-4.5%); veh\u00edculos de motor, refacciones, combustibles y lubricantes (-3.8%), y art\u00edculos de ferreter\u00eda, tlapaler\u00eda y vidrios (-2.1%).<\/p>\n<p>Por otro lado, hubo un incremento interanual de 1.8% del personal ocupado en el sector de empresas comerciales al por menor, acompa\u00f1ado de una subida de 7.4% en las remuneraciones medias.<\/p>\n<p>A tasa mensual, con<strong>\u00a0cifras desestacionalizadas, los ingresos de las\u00a0minoristas\u00a0<\/strong>y el personal ocupado total se elevaron un 0.9%, aunque las remuneraciones medias reales cayeron un 3%.<\/p>\n<p><strong>Las cifras son un reflejo del comportamiento econ\u00f3mico de M\u00e9xico<\/strong>, que creci\u00f3 un 0.9% trimestral y 3.7% interanual en el segundo trimestre de 2023, con lo que acumula una subida anual de 3,7 % en lo que va del a\u00f1o.<\/p>\n<p><strong>La econom\u00eda mexicana creci\u00f3 un 3.1% en 2022 impulsada por todos los sectores, pero una de las econom\u00edas latinoamericanas\u00a0<\/strong>que m\u00e1s tard\u00f3 en recuperar el producto interior bruto (PIB) que ten\u00eda antes de la covid-19, que provoc\u00f3 una ca\u00edda de la econom\u00eda de 8.2% en 2020 con un repunte de apenas 4,8 % en 2021.<\/p>\n<\/div>\n<\/div>\n<\/div>\n","protected":false},"excerpt":{"rendered":"<p>El sector comercial al por menor en M\u00e9xico ha mostrado signos de recuperaci\u00f3n Los ingresos reales de las empresas comerciales al por menor crecieron\u00a0un 5.9% interanual en M\u00e9xico durante junio, seg\u00fan revel\u00f3 este viernes el Instituto Nacional de Estad\u00edstica y Geograf\u00eda (Inegi) con base en cifras originales.El repunte de\u00a0las ventas minoristas estuvo impulsado\u00a0por el repunte [&hellip;]<\/p>\n","protected":false},"author":1,"featured_media":18112,"comment_status":"open","ping_status":"closed","sticky":false,"template":"","format":"standard","meta":{"footnotes":""},"categories":[7],"tags":[],"class_list":["post-18110","post","type-post","status-publish","format-standard","has-post-thumbnail","hentry","category-nacional"],"_links":{"self":[{"href":"https:\/\/podernacional.com\/index.php?rest_route=\/wp\/v2\/posts\/18110","targetHints":{"allow":["GET"]}}],"collection":[{"href":"https:\/\/podernacional.com\/index.php?rest_route=\/wp\/v2\/posts"}],"about":[{"href":"https:\/\/podernacional.com\/index.php?rest_route=\/wp\/v2\/types\/post"}],"author":[{"embeddable":true,"href":"https:\/\/podernacional.com\/index.php?rest_route=\/wp\/v2\/users\/1"}],"replies":[{"embeddable":true,"href":"https:\/\/podernacional.com\/index.php?rest_route=%2Fwp%2Fv2%2Fcomments&post=18110"}],"version-history":[{"count":1,"href":"https:\/\/podernacional.com\/index.php?rest_route=\/wp\/v2\/posts\/18110\/revisions"}],"predecessor-version":[{"id":18111,"href":"https:\/\/podernacional.com\/index.php?rest_route=\/wp\/v2\/posts\/18110\/revisions\/18111"}],"wp:featuredmedia":[{"embeddable":true,"href":"https:\/\/podernacional.com\/index.php?rest_route=\/wp\/v2\/media\/18112"}],"wp:attachment":[{"href":"https:\/\/podernacional.com\/index.php?rest_route=%2Fwp%2Fv2%2Fmedia&parent=18110"}],"wp:term":[{"taxonomy":"category","embeddable":true,"href":"https:\/\/podernacional.com\/index.php?rest_route=%2Fwp%2Fv2%2Fcategories&post=18110"},{"taxonomy":"post_tag","embeddable":true,"href":"https:\/\/podernacional.com\/index.php?rest_route=%2Fwp%2Fv2%2Ftags&post=18110"}],"curies":[{"name":"wp","href":"https:\/\/api.w.org\/{rel}","templated":true}]}}