{"id":18389,"date":"2023-08-23T19:00:51","date_gmt":"2023-08-24T00:00:51","guid":{"rendered":"https:\/\/podernacional.com\/?p=18389"},"modified":"2023-09-06T00:50:58","modified_gmt":"2023-09-06T00:50:58","slug":"en-quintana-roo-rescatan-a-47-migrantes-hindues-y-un-hombre-fue-detenido","status":"publish","type":"post","link":"https:\/\/podernacional.com\/?p=18389","title":{"rendered":"En Quintana Roo, rescatan a 47 migrantes hind\u00faes y un hombre fue detenido"},"content":{"rendered":"<div class=\"nd-title-headline-title-headline-base\" data-cdn=\"https:\/\/www.milenio.com\/dist\/images\/placeholder\/300x352.jpg\">\n<h4 class=\"nd-title-headline-title-headline-base__abstract\" style=\"text-align: center;\">Los migrantes fueron tratados en una evaluaci\u00f3n m\u00e9dica y entregados al Instituto Nacional de Migraci\u00f3n.<\/h4>\n<\/div>\n<section class=\"nd-media-detail-base\">\n<div class=\"nd-media-detail-base__slide\">La Secretar\u00eda Municipal de Seguridad P\u00fablica y Tr\u00e1nsito de Benito Ju\u00e1rez inform\u00f3 que se\u00a0<strong>rescataron 47 migrantes hind\u00faes<\/strong>\u00a0en un hostal de la supermanzana 22 de\u00a0Canc\u00fan. Adem\u00e1s, se comunic\u00f3 que en el lugar se detuvo\u00a0<strong>a un hombre<\/strong>\u00a0de la misma nacionalidad que las v\u00edctimas.<\/div>\n<\/section>\n","protected":false},"excerpt":{"rendered":"<p>Los migrantes fueron tratados en una evaluaci\u00f3n m\u00e9dica y entregados al Instituto Nacional de Migraci\u00f3n. La Secretar\u00eda Municipal de Seguridad P\u00fablica y Tr\u00e1nsito de Benito Ju\u00e1rez inform\u00f3 que se\u00a0rescataron 47 migrantes hind\u00faes\u00a0en un hostal de la supermanzana 22 de\u00a0Canc\u00fan. Adem\u00e1s, se comunic\u00f3 que en el lugar se detuvo\u00a0a un hombre\u00a0de la misma nacionalidad que las [&hellip;]<\/p>\n","protected":false},"author":1,"featured_media":18391,"comment_status":"open","ping_status":"closed","sticky":false,"template":"","format":"standard","meta":{"footnotes":""},"categories":[6],"tags":[],"class_list":["post-18389","post","type-post","status-publish","format-standard","has-post-thumbnail","hentry","category-local"],"_links":{"self":[{"href":"https:\/\/podernacional.com\/index.php?rest_route=\/wp\/v2\/posts\/18389","targetHints":{"allow":["GET"]}}],"collection":[{"href":"https:\/\/podernacional.com\/index.php?rest_route=\/wp\/v2\/posts"}],"about":[{"href":"https:\/\/podernacional.com\/index.php?rest_route=\/wp\/v2\/types\/post"}],"author":[{"embeddable":true,"href":"https:\/\/podernacional.com\/index.php?rest_route=\/wp\/v2\/users\/1"}],"replies":[{"embeddable":true,"href":"https:\/\/podernacional.com\/index.php?rest_route=%2Fwp%2Fv2%2Fcomments&post=18389"}],"version-history":[{"count":1,"href":"https:\/\/podernacional.com\/index.php?rest_route=\/wp\/v2\/posts\/18389\/revisions"}],"predecessor-version":[{"id":18390,"href":"https:\/\/podernacional.com\/index.php?rest_route=\/wp\/v2\/posts\/18389\/revisions\/18390"}],"wp:featuredmedia":[{"embeddable":true,"href":"https:\/\/podernacional.com\/index.php?rest_route=\/wp\/v2\/media\/18391"}],"wp:attachment":[{"href":"https:\/\/podernacional.com\/index.php?rest_route=%2Fwp%2Fv2%2Fmedia&parent=18389"}],"wp:term":[{"taxonomy":"category","embeddable":true,"href":"https:\/\/podernacional.com\/index.php?rest_route=%2Fwp%2Fv2%2Fcategories&post=18389"},{"taxonomy":"post_tag","embeddable":true,"href":"https:\/\/podernacional.com\/index.php?rest_route=%2Fwp%2Fv2%2Ftags&post=18389"}],"curies":[{"name":"wp","href":"https:\/\/api.w.org\/{rel}","templated":true}]}}