{"id":18415,"date":"2023-09-06T07:27:33","date_gmt":"2023-09-06T12:27:33","guid":{"rendered":"https:\/\/podernacional.com\/?p=18415"},"modified":"2023-09-06T12:27:42","modified_gmt":"2023-09-06T12:27:42","slug":"el-video-del-beso-de-timothee-chalamet-y-kylie-jenner-que-confirma-que-son-novios","status":"publish","type":"post","link":"https:\/\/podernacional.com\/?p=18415","title":{"rendered":"El video del beso de Timoth\u00e9e Chalamet y Kylie Jenner que confirma que son novios"},"content":{"rendered":"<h4 class=\"story-subheadline\" style=\"text-align: center;\">Un video de Timoth\u00e9e Chalamet y Kylie Jenner bes\u00e1ndose confirma lo que sab\u00edamos: son novios.<\/h4>\n<div class=\"main-image-container\">\n<p class=\"default__StyledText-sc-1x318ic-0 bRircF\">Ahora un video del beso de\u00a0<b>Timoth\u00e9e Chalamet\u00a0<\/b><b>y Kylie Jenner<\/b>\u00a0confirma que s\u00ed son novios.<\/p>\n<p class=\"default__StyledText-sc-1x318ic-0 bRircF\">Tras meses de especulaci\u00f3n en los cuales se dijo que Timoth\u00e9e Chalamet y\u00a0<b>Kylie Jenner\u00a0<\/b>ten\u00edan una relaci\u00f3n, otros m\u00e1s que era solo una farsa y hasta que hab\u00edan terminado, ahora las pruebas confirman lo que nadie cre\u00eda.<\/p>\n<h2 class=\"heading__StyledHeading-sc-14htiis-0 brJAZw\">Timoth\u00e9e Chalamet y Kylie Jenner se besan en p\u00fablico, confirmando que s\u00ed son novios<\/h2>\n<p class=\"default__StyledText-sc-1x318ic-0 bRircF\">A trav\u00e9s de un video del portal de chismes estadounidense TMZ se ha confirmado que el actor<b>\u00a0Timoth\u00e9e Chalamet<\/b>\u00a0-de 27 a\u00f1os de edad- y la socialit\u00e9\u00a0<b>Kylie Jenner<\/b>\u00a0-de 26 a\u00f1os de edad- s\u00ed son novios.<\/p>\n<p class=\"default__StyledText-sc-1x318ic-0 bRircF\">Luego de que la pareja fuera vista\u00a0<u>bes\u00e1ndose durante el concierto de la cantante Beyonc\u00e9\u00a0<\/u>&#8211; de 42 a\u00f1os- en Inglewood, California, Estados Unidos.<\/p>\n<p class=\"default__StyledText-sc-1x318ic-0 bRircF\">Eclipsando el momento y robando c\u00e1mara, pues al fin se tiene pruebas de que\u00a0<b>Timoth\u00e9e Chalamet y Kylie Jenner<\/b>\u00a0si anda y no solo eran especulaciones como se hab\u00eda manejado durante meses.<\/p>\n<p class=\"default__StyledText-sc-1x318ic-0 bRircF\">A la nueva pareja del momento,\u00a0<b>Timoth\u00e9e Chalamet y Kylie Jenner\u00a0<\/b>se les vio bastante juntos, sonrientes y hasta acaramelados en la zona VIP del concierto de Beyonc\u00e9.<\/p>\n<p class=\"default__StyledText-sc-1x318ic-0 bRircF\">Y no solo besos hubo entre\u00a0<b>Timoth\u00e9e Chalamet y Kylie Jenner,<\/b>\u00a0sino tambi\u00e9n hasta el actor realiz\u00f3 una movimiento en el trasero de su novia bastante sugestivo.<\/p>\n<h2 class=\"heading__StyledHeading-sc-14htiis-0 brJAZw\">El beso de Timoth\u00e9e Chalamet y Kylie Jenner confirma la relaci\u00f3n que nadie esperaba<\/h2>\n<p class=\"default__StyledText-sc-1x318ic-0 bRircF\">El noviazgo entre\u00a0<b>Timoth\u00e9e Chalamet y Kylie Jenner<\/b>\u00a0se ha convertido en la relaci\u00f3n que nadie esperaba.<\/p>\n<p class=\"default__StyledText-sc-1x318ic-0 bRircF\">Pues pese a que hab\u00edan ya sido vistos juntos, jam\u00e1s se les vio bes\u00e1ndose a\u00a0<b>Timoth\u00e9e Chalamet y Kylie Jenner,\u00a0<\/b>lo que ahora cambia el panorama y la perspectiva.<\/p>\n<p class=\"default__StyledText-sc-1x318ic-0 bRircF\">Sin embargo, los<u>\u00a0fans de Timoth\u00e9e Chalamet son los que se han visto m\u00e1s impactados<\/u>\u00a0con la confirmaci\u00f3n de su noviazgo con Kylie Jenner.<\/p>\n<p class=\"default__StyledText-sc-1x318ic-0 bRircF\">Pues para muchos es \u201cirreal ver Timoth\u00e9e Chalamet con Kylie Jenner\u201d,<u>\u00a0\u201cesta pareja me causa nada\u201d, \u201cesperaba todo de Timoth\u00e9e Chalamet, pero andar con una Kardashian jam\u00e1s\u201d.<\/u><\/p>\n<p class=\"default__StyledText-sc-1x318ic-0 bRircF\">Son comentarios que se leen acerca del impacto de la relaci\u00f3n de<b>\u00a0Timoth\u00e9e Chalamet con Kylie Jenner.<\/b><\/p>\n<p class=\"default__StyledText-sc-1x318ic-0 bRircF\">Esto debido a que la tambi\u00e9n empresaria<b>\u00a0Kylie Jenner es parte del clan Kardashian<\/b>, la familia de socialit\u00e9 que en m\u00e1s de una ocasi\u00f3n se han visto envueltas en grandes esc\u00e1ndalos.<\/p>\n<\/div>\n","protected":false},"excerpt":{"rendered":"<p>Un video de Timoth\u00e9e Chalamet y Kylie Jenner bes\u00e1ndose confirma lo que sab\u00edamos: son novios. Ahora un video del beso de\u00a0Timoth\u00e9e Chalamet\u00a0y Kylie Jenner\u00a0confirma que s\u00ed son novios. Tras meses de especulaci\u00f3n en los cuales se dijo que Timoth\u00e9e Chalamet y\u00a0Kylie Jenner\u00a0ten\u00edan una relaci\u00f3n, otros m\u00e1s que era solo una farsa y hasta que hab\u00edan [&hellip;]<\/p>\n","protected":false},"author":1,"featured_media":18417,"comment_status":"open","ping_status":"closed","sticky":false,"template":"","format":"standard","meta":{"footnotes":""},"categories":[4],"tags":[],"class_list":["post-18415","post","type-post","status-publish","format-standard","has-post-thumbnail","hentry","category-espectaculos"],"_links":{"self":[{"href":"https:\/\/podernacional.com\/index.php?rest_route=\/wp\/v2\/posts\/18415","targetHints":{"allow":["GET"]}}],"collection":[{"href":"https:\/\/podernacional.com\/index.php?rest_route=\/wp\/v2\/posts"}],"about":[{"href":"https:\/\/podernacional.com\/index.php?rest_route=\/wp\/v2\/types\/post"}],"author":[{"embeddable":true,"href":"https:\/\/podernacional.com\/index.php?rest_route=\/wp\/v2\/users\/1"}],"replies":[{"embeddable":true,"href":"https:\/\/podernacional.com\/index.php?rest_route=%2Fwp%2Fv2%2Fcomments&post=18415"}],"version-history":[{"count":1,"href":"https:\/\/podernacional.com\/index.php?rest_route=\/wp\/v2\/posts\/18415\/revisions"}],"predecessor-version":[{"id":18416,"href":"https:\/\/podernacional.com\/index.php?rest_route=\/wp\/v2\/posts\/18415\/revisions\/18416"}],"wp:featuredmedia":[{"embeddable":true,"href":"https:\/\/podernacional.com\/index.php?rest_route=\/wp\/v2\/media\/18417"}],"wp:attachment":[{"href":"https:\/\/podernacional.com\/index.php?rest_route=%2Fwp%2Fv2%2Fmedia&parent=18415"}],"wp:term":[{"taxonomy":"category","embeddable":true,"href":"https:\/\/podernacional.com\/index.php?rest_route=%2Fwp%2Fv2%2Fcategories&post=18415"},{"taxonomy":"post_tag","embeddable":true,"href":"https:\/\/podernacional.com\/index.php?rest_route=%2Fwp%2Fv2%2Ftags&post=18415"}],"curies":[{"name":"wp","href":"https:\/\/api.w.org\/{rel}","templated":true}]}}