{"id":18588,"date":"2023-09-15T10:23:15","date_gmt":"2023-09-15T15:23:15","guid":{"rendered":"https:\/\/podernacional.com\/?p=18588"},"modified":"2023-09-15T15:23:26","modified_gmt":"2023-09-15T15:23:26","slug":"anibal-lotocki-envio-furiosos-mensajes-al-programa-de-fabian-doman-en-pleno-vivo-se-guian-de-chismes-y-suposiciones","status":"publish","type":"post","link":"https:\/\/podernacional.com\/?p=18588","title":{"rendered":"An\u00edbal Lotocki envi\u00f3 furiosos mensajes al programa de Fabi\u00e1n Doman en pleno vivo: \u201cSe gu\u00edan de chismes y suposiciones\u201d"},"content":{"rendered":"<header class=\"articulo-header\">\n<h2 class=\"headline\" style=\"text-align: center;\">El cirujano le respondi\u00f3 en pleno vivo a la producci\u00f3n de &#8216;Bien de Ma\u00f1ana&#8217;, y brind\u00f3 contundentes declaraciones sobre la causa en la cual est\u00e1 involucrado. Mir\u00e1<\/h2>\n<p><strong>An\u00edbal Lotocki\u00a0se molest\u00f3 con el ciclo<em>\u00a0&#8216;Bien de Ma\u00f1ana&#8217; (El Trece)\u00a0<\/em>y envi\u00f3 mensajes en pleno vivo. Todo se debe a que en el programa se encontraba el periodista chileno Mariano Sol\u00eds, quien brind\u00f3 informaci\u00f3n sobre la causa del cirujano en su pa\u00eds.\u00a0<\/strong><\/p>\n<p>La producci\u00f3n busc\u00f3 la palabra del m\u00e9dico para contrarrestar los dichos del periodista.<strong>\u00abNo quieren mis letrados que hablen por el momento. Lo \u00fanico que te puedo decir es que no hay ninguna causa penal ni civil en Chile. Lo pueden averiguar\u00bb<\/strong>, fue el primer mensaje que envi\u00f3<strong>\u00a0Lotocki<\/strong>\u00a0y lo ley\u00f3\u00a0<strong>Doman<\/strong>\u00a0al aire<\/p>\n<p>Posteriormente,\u00a0<strong>Mariano\u00a0<\/strong>agreg\u00f3 detalles de la informaci\u00f3n que manejaba y la causa de<strong>\u00a0An\u00edbal\u00a0<\/strong>en Chile.<strong>\u00abEn 2008 o 2009, hubo una investigaci\u00f3n. Hay documentos que prueban los detalles del allanamiento y la justicia caratularon el caso como &#8216;ejercicio ilegal de la profesi\u00f3n&#8217; porque no ten\u00eda el t\u00edtulo validado. Pamela Sosa fue imputada pero no hubo condena porque no se pudo probar ninguna afecci\u00f3n a los pacientes\u00bb,\u00a0<\/strong>sostuvo.<\/p>\n<p>Luego de eso,<strong>\u00a0Anibal<\/strong>\u00a0volvi\u00f3 a responder y en su\u00a0mensaje concluy\u00f3:\u00a0<strong>\u00abUstedes averiguan de todo&#8230; en vez de llamar a periodistas de Chile, por qu\u00e9 no se comunican con el Sistema judicial de all\u00e1&#8230; digo, as\u00ed no se gu\u00edan por chismes y suposiciones\u00bb.<\/strong><\/p>\n<h2>\u00bfAn\u00edbal Lotocki va a ir\u00a0preso?<\/h2>\n<p><strong>Fernando Burlando\u00a0present\u00f3 en un Tribunal el pedido de detenci\u00f3n para\u00a0An\u00edbal Lotocki<\/strong>, en caso de quedar firme la condena que tiene por cuatro a\u00f1os. De esta manera,\u00a0<strong>el letrado revel\u00f3 los detalles de la situaci\u00f3n procesal luego del fallecimiento de\u00a0Silvina Luna<\/strong>, una de sus v\u00edctimas.<\/p>\n<p>\u00ab<strong>Se acaba de confirmar el pedido de detenci\u00f3n que present\u00f3 Fernando Burlando<\/strong>\u00ab, anunci\u00f3\u00a0<strong>Florencia de la V<\/strong>\u00a0en\u00a0<em><strong>Intrusos<\/strong><\/em>\u00a0(Am\u00e9rica). De esta manera, el representa legal de la actriz y de su hermano Ezequiel Luna explic\u00f3: \u00ab<strong>Ayer a \u00faltima hora dejamos el pedido y esto tiene que ver con un gran cambio en la situaci\u00f3n procesal de Lotocki, a nuestro criterio<\/strong>. La presentaci\u00f3n se hizo en el Tribunal Oral N\u00b028 que fue donde se dict\u00f3 la sentencia condenatoria a cuatro a\u00f1os de prisi\u00f3n y cinco a\u00f1os de inhabilitaci\u00f3n para ejercer la profesi\u00f3n.\u00a0<strong>Si bien no est\u00e1 firme entendemos que ha cambiado la situaci\u00f3n, hoy hay muchos procesos investigando las actividades de Lotocki<\/strong>\u00a0y, fundamentalmente, para evitar riesgos procesales y para garantizar la presencia de Lotocki en juicio para que la condena quede firme, pedimos su detenci\u00f3n\u00bb.<\/p>\n<div>\n<p>Por esta raz\u00f3n, la conductora indag\u00f3: \u00ab<strong>\u00bfPuede ir preso en cualquier momento?<\/strong>\u00ab.\u00a0\u00abEs un pedido, de este le van a dar traslado a las partes, opinar\u00e1n seguramente otros colegas y, finalmente, decide la Justicia.\u00a0<strong>Vimos que la situaci\u00f3n era preocupante por lo que no descartamos que el d\u00eda de ma\u00f1ana, frente a tanto conflicto con la Justicia, tome una medida que nos deje sin Justicia<\/strong>\u00ab, cont\u00f3 c\u00f3mo funciona el proceso. Entonces en el piso le consultaron si\u00a0\u00ab<strong>\u00bfest\u00e1s pensando que se podr\u00eda llegar a fugar?<\/strong>\u00ab, por lo que no dud\u00f3 en responder: \u00ab<strong>Es una alternativa<\/strong>\u00ab.<\/p>\n<p>\u00ab<strong>\u00bfEntonces va a quedar preso?<\/strong>\u00ab, volvi\u00f3 a consultar Marcela Tauro. Por lo que Fernando Burlando cerr\u00f3: \u00ab<strong>Yo lo estoy pidiendo, de quedar firme esta situaci\u00f3n de los cuatro a\u00f1os, tendr\u00eda que estar preso<\/strong>. Sin lugar a dudas. Pero yo\u00a0<strong>quiero garantizar, de alguna manera, su presencia en el juicio y que esto no quede en la nada<\/strong>\u00ab.<\/p>\n<\/div>\n<\/header>\n<figure class=\"btn-open-gallery\"><picture class=\"cls-optimized\"><source srcset=\"https:\/\/fotos.perfil.com\/2023\/09\/15\/trim\/320\/180\/anibal-lotocki-fabian-doman-1654763.jpg?webp\" type=\"image\/webp\" media=\"(max-width: 320px)\" \/><source srcset=\"https:\/\/fotos.perfil.com\/2023\/09\/15\/trim\/360\/202\/anibal-lotocki-fabian-doman-1654763.jpg?webp\" type=\"image\/webp\" media=\"(max-width: 360px)\" \/><source srcset=\"https:\/\/fotos.perfil.com\/2023\/09\/15\/trim\/375\/211\/anibal-lotocki-fabian-doman-1654763.jpg?webp\" type=\"image\/webp\" media=\"(max-width: 375px)\" \/><source srcset=\"https:\/\/fotos.perfil.com\/2023\/09\/15\/trim\/414\/233\/anibal-lotocki-fabian-doman-1654763.jpg?webp\" type=\"image\/webp\" media=\"(max-width: 414px)\" \/><source srcset=\"https:\/\/fotos.perfil.com\/2023\/09\/15\/trim\/720\/405\/anibal-lotocki-fabian-doman-1654763.jpg?webp\" type=\"image\/webp\" media=\"(max-width: 768px)\" \/><source srcset=\"https:\/\/fotos.perfil.com\/2023\/09\/15\/trim\/635\/357\/anibal-lotocki-fabian-doman-1654763.jpg?webp\" type=\"image\/webp\" media=\"(max-width: 1024px)\" \/><source srcset=\"https:\/\/fotos.perfil.com\/2023\/09\/15\/trim\/950\/534\/anibal-lotocki-fabian-doman-1654763.jpg?webp\" type=\"image\/webp\" \/><source srcset=\"https:\/\/fotos.perfil.com\/2023\/09\/15\/trim\/320\/180\/anibal-lotocki-fabian-doman-1654763.jpg\" media=\"(max-width: 320px)\" \/><source srcset=\"https:\/\/fotos.perfil.com\/2023\/09\/15\/trim\/360\/202\/anibal-lotocki-fabian-doman-1654763.jpg\" media=\"(max-width: 360px)\" \/><source srcset=\"https:\/\/fotos.perfil.com\/2023\/09\/15\/trim\/375\/211\/anibal-lotocki-fabian-doman-1654763.jpg\" media=\"(max-width: 375px)\" \/><source srcset=\"https:\/\/fotos.perfil.com\/2023\/09\/15\/trim\/414\/233\/anibal-lotocki-fabian-doman-1654763.jpg\" media=\"(max-width: 414px)\" \/><source srcset=\"https:\/\/fotos.perfil.com\/2023\/09\/15\/trim\/720\/405\/anibal-lotocki-fabian-doman-1654763.jpg\" media=\"(max-width: 768px)\" \/><source srcset=\"https:\/\/fotos.perfil.com\/2023\/09\/15\/trim\/635\/357\/anibal-lotocki-fabian-doman-1654763.jpg\" media=\"(max-width: 1024px)\" \/><\/picture><\/figure>\n","protected":false},"excerpt":{"rendered":"<p>El cirujano le respondi\u00f3 en pleno vivo a la producci\u00f3n de &#8216;Bien de Ma\u00f1ana&#8217;, y brind\u00f3 contundentes declaraciones sobre la causa en la cual est\u00e1 involucrado. Mir\u00e1 An\u00edbal Lotocki\u00a0se molest\u00f3 con el ciclo\u00a0&#8216;Bien de Ma\u00f1ana&#8217; (El Trece)\u00a0y envi\u00f3 mensajes en pleno vivo. Todo se debe a que en el programa se encontraba el periodista chileno [&hellip;]<\/p>\n","protected":false},"author":1,"featured_media":18590,"comment_status":"open","ping_status":"closed","sticky":false,"template":"","format":"standard","meta":{"footnotes":""},"categories":[4],"tags":[],"class_list":["post-18588","post","type-post","status-publish","format-standard","has-post-thumbnail","hentry","category-espectaculos"],"_links":{"self":[{"href":"https:\/\/podernacional.com\/index.php?rest_route=\/wp\/v2\/posts\/18588","targetHints":{"allow":["GET"]}}],"collection":[{"href":"https:\/\/podernacional.com\/index.php?rest_route=\/wp\/v2\/posts"}],"about":[{"href":"https:\/\/podernacional.com\/index.php?rest_route=\/wp\/v2\/types\/post"}],"author":[{"embeddable":true,"href":"https:\/\/podernacional.com\/index.php?rest_route=\/wp\/v2\/users\/1"}],"replies":[{"embeddable":true,"href":"https:\/\/podernacional.com\/index.php?rest_route=%2Fwp%2Fv2%2Fcomments&post=18588"}],"version-history":[{"count":1,"href":"https:\/\/podernacional.com\/index.php?rest_route=\/wp\/v2\/posts\/18588\/revisions"}],"predecessor-version":[{"id":18589,"href":"https:\/\/podernacional.com\/index.php?rest_route=\/wp\/v2\/posts\/18588\/revisions\/18589"}],"wp:featuredmedia":[{"embeddable":true,"href":"https:\/\/podernacional.com\/index.php?rest_route=\/wp\/v2\/media\/18590"}],"wp:attachment":[{"href":"https:\/\/podernacional.com\/index.php?rest_route=%2Fwp%2Fv2%2Fmedia&parent=18588"}],"wp:term":[{"taxonomy":"category","embeddable":true,"href":"https:\/\/podernacional.com\/index.php?rest_route=%2Fwp%2Fv2%2Fcategories&post=18588"},{"taxonomy":"post_tag","embeddable":true,"href":"https:\/\/podernacional.com\/index.php?rest_route=%2Fwp%2Fv2%2Ftags&post=18588"}],"curies":[{"name":"wp","href":"https:\/\/api.w.org\/{rel}","templated":true}]}}