{"id":1861,"date":"2020-11-04T09:00:00","date_gmt":"2020-11-04T09:00:00","guid":{"rendered":"http:\/\/whatsappcancun.com\/?p=1861"},"modified":"2020-11-04T09:00:00","modified_gmt":"2020-11-04T09:00:00","slug":"eres-millennials-te-interesara-sabe-que-dice-un-especialista-sobre-esta-generacion","status":"publish","type":"post","link":"https:\/\/podernacional.com\/?p=1861","title":{"rendered":"\u00bfEres Millennials? Te interesar\u00e1 sabe que dice un especialista sobre esta generaci\u00f3n"},"content":{"rendered":"\n<p>Los nacidos en la d\u00e9cada de los ochenta y la primera parte de los 90, no la tendr\u00e1n f\u00e1cil<\/p>\n\n\n\n<p>\u201c<strong>Ni en sue\u00f1os me alcanza para comprar una casa, apenas puedo pagar la renta de un cuarto en un departamento compartido\u201d, comenta Mar\u00eda Arroyo, de 32 a\u00f1os<\/strong>. En M\u00e9xico, los millennials, la generaci\u00f3n que naci\u00f3 en la d\u00e9cada de los ochenta y la primera parte de los noventa, conocen bien las crisis econ\u00f3micas,&nbsp;<strong>ya que crecieron entre la ca\u00edda de los precios del petr\u00f3leo, el incremento de la deuda externa y la devaluaci\u00f3n de la moneda frente al d\u00f3lar<\/strong>.<\/p>\n\n\n\n<p>Al comenzar su vida laboral s<strong>e enfrentaron a la crisis financiera global del 2008, y ahora, en su \u00e9poca de mayor productividad, viven el gran colapso de la econom\u00eda mundia<\/strong>l.<\/p>\n\n\n\n<p>\u201cEs una generaci\u00f3n que vive de forma precaria, endeudada y sin la capacidad de construir un patrimonio. No pueden mejorar en t\u00e9rminos sociales, pues no existen las condiciones\u201d,&nbsp;<strong>comenta para DW el Dr. Carlos A. Jim\u00e9nez Bandala, especialista en Estudios Organizacionales por la Universidad Aut\u00f3noma Metropolitana en M\u00e9xico<\/strong>.<\/p>\n\n\n\n<p>La generaci\u00f3n millennial, o generaci\u00f3n Y, vive con n\u00fameros rojos y sin reservas para enfrentar cualquier emergencia<strong>. Seg\u00fan la empresa reparadora de cr\u00e9dito Resuelve tu deuda, el 63% de los j\u00f3venes no cuentan con un fondo de ahorro, y un 68% tienen una deuda<\/strong>. Por lo que se prev\u00e9 que lleguen al final de la pandemia sobreendeudados.<\/p>\n\n\n\n<p>Muchos millennials comenzaron su carrera laboral en la crisis del 2008. Desde entonces&nbsp;<strong>no han podido revertir las carencias econ\u00f3micas, y los especialistas indican que esas condiciones solo se recrudecer\u00e1n en el trancurso de su vida<\/strong>. Al respecto, el Informe Petras revela que la actual generaci\u00f3n ser\u00e1 la primera en tener una peor calidad de vida que sus antecesores, y eso mismo les espera a los m\u00e1s j\u00f3venes.<\/p>\n\n\n\n<p><strong>El sue\u00f1o de trabajar en una empresa para comprar una casa es impensable para las actuales generaciones.<\/strong>&nbsp;La incertidumbre econ\u00f3mica que trajo la pandemia incluso ha obligado a los j\u00f3venes a desocupar los cuartos que rentaban y regresar a casa de sus padres.<\/p>\n\n\n\n<p>Seg\u00fan cifras de la comunidad virtual Dada Room,&nbsp;<strong>en la Ciudad de M\u00e9xico uno de cada cinco j\u00f3venes regres\u00f3 a casa, y otros optaron por compartir espacios con m\u00e1s personas<\/strong>. Incluso hay parejas que viven con desconocidos para poder solventar los gastos.<\/p>\n\n\n\n<p><strong>Se ha popularizado la idea de que las generaciones j\u00f3venes prefieren vivir en comunidad, y que no les interesa invertir en su patrimonio<\/strong>. El profesor Jim\u00e9nez Bandala argumenta que, por el contrario, los bajos ingresos de los millennials los dejan sin la posibilidad de adquirir una vivienda. \u201cEn la Ciudad de M\u00e9xico, solo un 1% de los j\u00f3venes son sujetos de un cr\u00e9dito hipotecario en relaci\u00f3n con sus ingresos.<\/p>\n\n\n\n<p>&nbsp;Los censos muestran que la gente vive hacinada bajo el concepto de cohousing, y algunos logran comprar,&nbsp;<strong>pero en municipios perif\u00e9ricos a la ciudad, y hacen hasta tres horas de camino para llegar a su trabajo<\/strong>\u201d.<\/p>\n\n\n\n<p>Los j\u00f3venes en M\u00e9xico creen que no hay posibilidades de mejora social, lo cual confirma un estudio realizado por el Colegio de M\u00e9xico. Este revela que soloel 2% de&nbsp;<strong>las personas en condiciones de pobreza pueden escalar socialmente. Eso genera des\u00e1nimo y desesperanza en la sociedad, pues cada vez que un universitario no obtiene empleo, o tiene un trabajo precario, los familiares piensan que no tiene sentido seguir el mismo camino.<\/strong><\/p>\n\n\n\n<p>\u201cA eso se le llama la trampa de la pobreza: la gente ya no cree en un proyecto educativo ni laboral, lo que se convierte en un c\u00edrculo vicioso. Hicimos un estudio de campo en las comunidades marginadas del pa\u00eds, y lo que observamos fue que el crimen organizado vigila esas zonas, e identifica a los j\u00f3venes con liderazgo, los recluta y les paga grandes cantidades.<strong>&nbsp;Para los j\u00f3venes, esa es la forma de mantener a la familia\u201d, comenta el investigador Jim\u00e9nez Bandala quien teme que esta pr\u00e1ctica se expanda al resto del pa\u00eds<\/strong>.<\/p>\n","protected":false},"excerpt":{"rendered":"<p>Los nacidos en la d\u00e9cada de los ochenta y la primera parte de los 90, no la tendr\u00e1n f\u00e1cil \u201cNi en sue\u00f1os me alcanza para comprar una casa, apenas puedo pagar la renta de un cuarto en un departamento compartido\u201d, comenta Mar\u00eda Arroyo, de 32 a\u00f1os. En M\u00e9xico, los millennials, la generaci\u00f3n que naci\u00f3 en [&hellip;]<\/p>\n","protected":false},"author":1,"featured_media":1862,"comment_status":"open","ping_status":"open","sticky":false,"template":"","format":"standard","meta":{"footnotes":""},"categories":[5],"tags":[],"class_list":["post-1861","post","type-post","status-publish","format-standard","has-post-thumbnail","hentry","category-internacional"],"_links":{"self":[{"href":"https:\/\/podernacional.com\/index.php?rest_route=\/wp\/v2\/posts\/1861","targetHints":{"allow":["GET"]}}],"collection":[{"href":"https:\/\/podernacional.com\/index.php?rest_route=\/wp\/v2\/posts"}],"about":[{"href":"https:\/\/podernacional.com\/index.php?rest_route=\/wp\/v2\/types\/post"}],"author":[{"embeddable":true,"href":"https:\/\/podernacional.com\/index.php?rest_route=\/wp\/v2\/users\/1"}],"replies":[{"embeddable":true,"href":"https:\/\/podernacional.com\/index.php?rest_route=%2Fwp%2Fv2%2Fcomments&post=1861"}],"version-history":[{"count":0,"href":"https:\/\/podernacional.com\/index.php?rest_route=\/wp\/v2\/posts\/1861\/revisions"}],"wp:featuredmedia":[{"embeddable":true,"href":"https:\/\/podernacional.com\/index.php?rest_route=\/wp\/v2\/media\/1862"}],"wp:attachment":[{"href":"https:\/\/podernacional.com\/index.php?rest_route=%2Fwp%2Fv2%2Fmedia&parent=1861"}],"wp:term":[{"taxonomy":"category","embeddable":true,"href":"https:\/\/podernacional.com\/index.php?rest_route=%2Fwp%2Fv2%2Fcategories&post=1861"},{"taxonomy":"post_tag","embeddable":true,"href":"https:\/\/podernacional.com\/index.php?rest_route=%2Fwp%2Fv2%2Ftags&post=1861"}],"curies":[{"name":"wp","href":"https:\/\/api.w.org\/{rel}","templated":true}]}}