{"id":18663,"date":"2023-09-19T14:14:28","date_gmt":"2023-09-19T19:14:28","guid":{"rendered":"https:\/\/podernacional.com\/?p=18663"},"modified":"2023-09-19T19:14:30","modified_gmt":"2023-09-19T19:14:30","slug":"obras-de-amlo-y-nearshoring-disparan-inversion-en-mexico-tiene-mejor-1er-semestre-de-la-historia","status":"publish","type":"post","link":"https:\/\/podernacional.com\/?p=18663","title":{"rendered":"Obras de AMLO y nearshoring \u2018disparan\u2019 inversi\u00f3n en M\u00e9xico: Tiene mejor 1er semestre de la historia"},"content":{"rendered":"<div class=\"row\">\n<div class=\"col-sm-xl-12 layout-section wrap-bottom\">\n<h3 class=\"primary-font__PrimaryFontStyles-o56yd5-0 heuGTu h4-primary sub-headline\" style=\"text-align: center;\">De acuerdo con datos del Inegi, la inversi\u00f3n f\u00edsica aument\u00f3 casi 18% a tasa anual en los primeros seis meses de 2023.<\/h3>\n<div class=\"default__StyledDiv-cj38t1-0 gCPfDm share-bar\"><\/div>\n<\/div>\n<\/div>\n<div class=\"row\">\n<div class=\"col-sm-md-12 col-lg-xl-8 left-article-section ie-flex-100-percent-sm layout-section\">\n<p class=\"default__StyledText-kkhi2r-0 cGAawy body-paragraph\"><b>La inversi\u00f3n f\u00edsica<\/b>\u00a0logr\u00f3 un crecimiento de 17.9 por ciento anual en el primer semestre de este a\u00f1o, reflejo de\u00a0las obras de infraestructura del Gobierno de M\u00e9xico\u00a0y las primeras se\u00f1ales del\u00a0impacto del\u00a0<i>nearshoring<\/i>.<\/p>\n<p class=\"default__StyledText-kkhi2r-0 cGAawy body-paragraph\">Este es el incremento m\u00e1s pronunciado para una primera mitad de a\u00f1o\u00a0<b>desde 1993<\/b>, en cifras ajustadas por estacionalidad, a\u00f1o en que inician los registros de los indicadores trimestrales de la oferta y demanda y del ahorro bruto que elabora\u00a0el Instituto Nacional de Estad\u00edstica y Geograf\u00eda (Inegi), y adem\u00e1s fue el principal motor de crecimiento de la econom\u00eda en el primer semestre..<\/p>\n<div id=\"arcad-feature-7631\" class=\"default__StyledAdUnit-ijbiyl-0 bWigPu arcad-feature margin-md-bottom \">\n<div id=\"\" class=\"arcad-container\">\n<div id=\"lazy_3\">\n<div id=\"inread_oop\" class=\"arcad ad-1x1\" data-google-query-id=\"CKn3mc6wt4EDFcSnhgodSNsPaw\">\n<div id=\"google_ads_iframe_\/77835600\/ElFinanciero__internas\/inread_oop_0__container__\"><\/div>\n<\/div>\n<\/div>\n<\/div>\n<\/div>\n<p class=\"default__StyledText-kkhi2r-0 cGAawy body-paragraph\">Al interior,\u00a0<b>la inversi\u00f3n p\u00fablica<\/b>\u00a0report\u00f3 un incremento de 15.7 por ciento anual entre enero y junio,\u00a0<b>su primer dato positivo para un mismo periodo<\/b>\u00a0<b>desde 2018 y el m\u00e1s s\u00f3lido desde 2008<\/b>, seg\u00fan cifras ajustadas por estacionalidad.<\/p>\n<p class=\"default__StyledText-kkhi2r-0 cGAawy body-paragraph\">Del lado de la\u00a0<b>inversi\u00f3n privada<\/b>, esta mostr\u00f3 un crecimiento m\u00e1s pronunciado, del orden de 18.1 por ciento anual,\u00a0<b>su mejor comportamiento para un primer semestre desde 1998<\/b>.<\/p>\n<div id=\"lazy_4\">\n<div id=\"taboola-mid-article-thumbnails\" class=\" trc_related_container trc_spotlight_widget trc_elastic trc_elastic_rec-reel-3n4-a \" data-placement-name=\"Mid Article Thumbnails\">\n<div class=\"trc_rbox_container tbl-reco-reel story-widget tbl-reco-reel-text-under-slide-in story-widget-text-under-slide-in tbl-reco-reel-desktop tbl-story-desktop\">\n<div>\n<div id=\"trc_wrapper_46832\" class=\"trc_rbox rec-reel-3n4-a trc-content-sponsored \">\n<div id=\"trc_header_46832\" class=\"trc_rbox_header trc_rbox_border_elm\">\n<div class=\"trc_header_ext\">\n<p class=\"default__StyledText-kkhi2r-0 cGAawy body-paragraph\">Entre otras se\u00f1ales de que la\u00a0<b>inversi\u00f3n privada<\/b>\u00a0ha mostrado un mejor desempe\u00f1o, se observa que desde el inicio del sexenio del\u00a0presidente Andr\u00e9s Manuel L\u00f3pez Obrador\u00a0ha tenido un crecimiento de 15 por ciento, y la p\u00fablica tiene un rezago de 12.8 por ciento.<\/p>\n<p class=\"default__StyledText-kkhi2r-0 cGAawy body-paragraph\">Desde los niveles prepandemia, la\u00a0<b>inversi\u00f3n privada<\/b><b>\u00a0<\/b>ha aumentado 20 por ciento y la p\u00fablica 8.8 por ciento, seg\u00fan los datos del instituto.<\/p>\n<p class=\"default__StyledText-kkhi2r-0 cGAawy body-paragraph\">Adem\u00e1s, con el dato al segundo trimestre de este a\u00f1o, la\u00a0<b>inversi\u00f3n privada<\/b>\u00a0logr\u00f3 un m\u00e1ximo hist\u00f3rico, en contraste con la p\u00fablica que tiene un rezago de 48.3 por ciento, desde el primer trimestre de 2009.<\/p>\n<p class=\"default__StyledText-kkhi2r-0 cGAawy body-paragraph\"><b>Adriana Garc\u00eda Hern\u00e1ndez, coordinadora de an\u00e1lisis econ\u00f3mico de M\u00e9xico, \u00bfC\u00f3mo Vamos?<\/b>\u00a0destac\u00f3 que la<b>\u00a0<\/b><b>inversi\u00f3n<\/b>\u00a0ya representa el 24.9 por ciento del PIB, superando la meta del 24.0 por ciento.Atribuy\u00f3 el repunte a los\u00a0<b>megaproyectos del gobierno federal\u00a0<\/b>como el\u00a0<b>Tren Maya<\/b>\u00a0o el\u00a0<b>Corredor del Istmo<\/b>, los cuales \u201cdejan claro las sinergias positivas que hay entre la\u00a0<b>inversi\u00f3n p\u00fablica y privada<\/b>\u201d.<\/p>\n<p class=\"default__StyledText-kkhi2r-0 cGAawy body-paragraph\">El\u00a0<b>profesor de econom\u00eda de la UNAM, Rom\u00e1n Moreno,\u00a0<\/b>subray\u00f3 que este indicador ha tenido un buen\u00a0<b>desempe\u00f1o<\/b>\u00a0debido al efecto de la relocalizaci\u00f3n sobre los\u00a0<b>espacios industriales<\/b>, el\u00a0<b>gasto gubernamental\u00a0<\/b>en<b>\u00a0proyectos de infraestructura<\/b>, y por las facilidades que la\u00a0<b>apreciaci\u00f3n del tipo de cambio<\/b>\u00a0brinda a las\u00a0<b>empresas\u00a0<\/b>que adquieren equipo del extranjero.<\/p>\n<p class=\"default__StyledText-kkhi2r-0 cGAawy body-paragraph\">\u201cPodemos destacar dos\u00a0<b>inversiones p\u00fablicas<\/b><b>\u00a0<\/b>que continuar\u00e1n impulsando el rubro, como son el\u00a0<b>Tren Maya\u00a0<\/b>y obras sat\u00e9lite, y el\u00a0<b>Corredor Interoce\u00e1nico del Istmo de Tehuantepec<\/b>, cuyo impacto en el mediano y largo plazo a trav\u00e9s de la\u00a0<b>inversi\u00f3n privada\u00a0<\/b>contin\u00faa sumando\u201d, dijo.<\/p>\n<p class=\"default__StyledText-kkhi2r-0 cGAawy body-paragraph\">En cuanto al\u00a0<i><b>nearshoring<\/b><\/i>, analistas de Engen Capital se\u00f1alaron que se est\u00e1 manifestando claramente sobre la\u00a0<b>inversi\u00f3n<\/b>, especialmente a trav\u00e9s de las\u00a0<b>importaciones de bienes de capital<\/b>, a lo que se suma ahora la\u00a0<b>apreciaci\u00f3n del peso<\/b>.<\/p>\n<h2 class=\"heading__StyledHeading-sc-1yxtfv0-0 dQdSuo\">Aventaja inversi\u00f3n privada<\/h2>\n<p class=\"default__StyledText-kkhi2r-0 cGAawy body-paragraph\">La\u00a0<b>inversi\u00f3n privada<\/b><b>\u00a0<\/b>ha mostrado un mejor desempe\u00f1o en lo que va de esta administraci\u00f3n, ya que se observa que desde el inicio del sexenio del\u00a0<b>presidente Andr\u00e9s Manuel L\u00f3pez Obrador<\/b>\u00a0ha tenido un crecimiento de 16.9 por ciento, y la p\u00fablica est\u00e1 11.3 por ciento por debajo del cuarto trimestre del 2018, en cifras ajustadas por estacionalidad.<\/p>\n<p class=\"default__StyledText-kkhi2r-0 cGAawy body-paragraph\">Desde los niveles\u00a0<b>prepandemia<\/b>, la<b>\u00a0<\/b><b>inversi\u00f3n privada<\/b>\u00a0tiene un crecimiento de 20.0 por ciento y la p\u00fablica de 8.8 por ciento.<\/p>\n<p class=\"default__StyledText-kkhi2r-0 cGAawy body-paragraph\">Al respecto, el<b>\u00a0subgobernador del Banco de M\u00e9xico, Jonathan Heath,<\/b>\u00a0refiri\u00f3 que \u201cllama la atenci\u00f3n las\u00a0<b>tasas elevadas de la\u00a0<\/b><b>inversi\u00f3n privada\u00a0<\/b>de los \u00faltimos tres trimestres, de 5.3, 6.9 y 6.5 por ciento, respectivamente, para cada trimestre respecto al anterior\u201d.<\/p>\n<p class=\"default__StyledText-kkhi2r-0 cGAawy body-paragraph\">En contraste, la\u00a0<b>p\u00fablica\u00a0<\/b>muestra un avance de 13.1 por ciento, seguido de una contracci\u00f3n de 3.2 por ciento y el m\u00e1s reciente un crecimiento de 5.1 por ciento en el mismo orden.<\/p>\n<h2 class=\"heading__StyledHeading-sc-1yxtfv0-0 dQdSuo\">Antesala de elecciones<\/h2>\n<p class=\"default__StyledText-kkhi2r-0 cGAawy body-paragraph\">Garc\u00eda Hern\u00e1ndez dijo que en materia de<b>\u00a0<\/b><b>inversi\u00f3n privada<\/b>\u00a0el gobierno entrante, sea del partido que sea, debe promover la\u00a0<b>certeza jur\u00eddica<\/b>\u00a0y el respeto a los contratos, aunado al nulo espacio fiscal.<\/p>\n<p class=\"default__StyledText-kkhi2r-0 cGAawy body-paragraph\">En tanto, Moreno Soto sostuvo que en los periodos de cambio de gobierno la\u00a0<b>inversi\u00f3n<\/b>\u00a0suele presentar ajustes ante las modificaciones en la\u00a0<b>planeaci\u00f3n econ\u00f3mica\u00a0<\/b>asumidas por el gobierno entrante y las variaciones en el\u00a0<b>entorno econ\u00f3mico<\/b>.<\/p>\n<p class=\"default__StyledText-kkhi2r-0 cGAawy body-paragraph\">\u201cEs importante considerar el programa en\u00a0<b>inversiones<\/b>\u00a0bajo una perspectiva de los\u00a0<b>tiempos econ\u00f3micos del largo plazo\u00a0<\/b>para garantizar la continuidad que en ocasiones los tiempos pol\u00edticos no permiten\u201d, dijo.<\/p>\n<p class=\"default__StyledText-kkhi2r-0 cGAawy body-paragraph\">Para este a\u00f1o, Engen Capital prev\u00e9 que la<b>\u00a0inversi\u00f3n fija\u00a0<\/b>crezca cerca de 9.0 por ciento y promedie 8.5 por ciento en los recientes tres a\u00f1os, algo que no se hab\u00eda visto desde 2004 a 2006, cuando rond\u00f3 el 7.5 por ciento.<\/p>\n<\/div>\n<\/div>\n<\/div>\n<\/div>\n<\/div>\n<\/div>\n<\/div>\n<\/div>\n<\/div>\n","protected":false},"excerpt":{"rendered":"<p>De acuerdo con datos del Inegi, la inversi\u00f3n f\u00edsica aument\u00f3 casi 18% a tasa anual en los primeros seis meses de 2023. La inversi\u00f3n f\u00edsica\u00a0logr\u00f3 un crecimiento de 17.9 por ciento anual en el primer semestre de este a\u00f1o, reflejo de\u00a0las obras de infraestructura del Gobierno de M\u00e9xico\u00a0y las primeras se\u00f1ales del\u00a0impacto del\u00a0nearshoring. Este es [&hellip;]<\/p>\n","protected":false},"author":1,"featured_media":18665,"comment_status":"open","ping_status":"closed","sticky":false,"template":"","format":"standard","meta":{"footnotes":""},"categories":[7],"tags":[],"class_list":["post-18663","post","type-post","status-publish","format-standard","has-post-thumbnail","hentry","category-nacional"],"_links":{"self":[{"href":"https:\/\/podernacional.com\/index.php?rest_route=\/wp\/v2\/posts\/18663","targetHints":{"allow":["GET"]}}],"collection":[{"href":"https:\/\/podernacional.com\/index.php?rest_route=\/wp\/v2\/posts"}],"about":[{"href":"https:\/\/podernacional.com\/index.php?rest_route=\/wp\/v2\/types\/post"}],"author":[{"embeddable":true,"href":"https:\/\/podernacional.com\/index.php?rest_route=\/wp\/v2\/users\/1"}],"replies":[{"embeddable":true,"href":"https:\/\/podernacional.com\/index.php?rest_route=%2Fwp%2Fv2%2Fcomments&post=18663"}],"version-history":[{"count":1,"href":"https:\/\/podernacional.com\/index.php?rest_route=\/wp\/v2\/posts\/18663\/revisions"}],"predecessor-version":[{"id":18664,"href":"https:\/\/podernacional.com\/index.php?rest_route=\/wp\/v2\/posts\/18663\/revisions\/18664"}],"wp:featuredmedia":[{"embeddable":true,"href":"https:\/\/podernacional.com\/index.php?rest_route=\/wp\/v2\/media\/18665"}],"wp:attachment":[{"href":"https:\/\/podernacional.com\/index.php?rest_route=%2Fwp%2Fv2%2Fmedia&parent=18663"}],"wp:term":[{"taxonomy":"category","embeddable":true,"href":"https:\/\/podernacional.com\/index.php?rest_route=%2Fwp%2Fv2%2Fcategories&post=18663"},{"taxonomy":"post_tag","embeddable":true,"href":"https:\/\/podernacional.com\/index.php?rest_route=%2Fwp%2Fv2%2Ftags&post=18663"}],"curies":[{"name":"wp","href":"https:\/\/api.w.org\/{rel}","templated":true}]}}