{"id":18669,"date":"2023-09-20T08:50:23","date_gmt":"2023-09-20T13:50:23","guid":{"rendered":"https:\/\/podernacional.com\/?p=18669"},"modified":"2023-09-20T13:50:53","modified_gmt":"2023-09-20T13:50:53","slug":"edgar-barrera-lidera-los-latin-grammy-con-13-nominaciones","status":"publish","type":"post","link":"https:\/\/podernacional.com\/?p=18669","title":{"rendered":"Edgar Barrera lidera los Latin Grammy con \u00a113 nominaciones!"},"content":{"rendered":"<div class=\"col-12 mt-4 pb-2\"><em class=\"text-muted\">Edgar Barrera lidera las nominaciones al Latin Grammy 2023 con 13 menciones, prueba d su gran talento y \u00e9xito en la m\u00fasica.<\/em><\/div>\n<div class=\"col-12 py-5 note_content py-3\">\n<div>\n<p>El destacado m\u00fasico mexicano\u00a0<strong>Edgar Barrera<\/strong>\u00a0ha logrado un impresionante reconocimiento al liderar la lista de nominados al\u00a0<em>Latin Grammy 2023<\/em>\u00a0con un total de 13 menciones en diversas categor\u00edas.<\/p>\n<p>Su versatilidad como compositor y productor lo ha destacado como uno de los talentos m\u00e1s influyentes de la industria musical actual.<\/p>\n<p>Entre las 13 nominaciones que ha recibido Edgar Barrera se encuentran algunas de las categor\u00edas m\u00e1s prestigiosas de los Latin Grammy, lo que refleja su habilidad y dedicaci\u00f3n en la creaci\u00f3n de m\u00fasica de alta calidad.<\/p>\n<p>A continuaci\u00f3n, desglosamos algunas de sus nominaciones m\u00e1s destacadas:<\/p>\n<ul>\n<li><strong>Compositor del A\u00f1o:<\/strong>\u00a0Edgar Barrera ha sido reconocido como uno de los compositores m\u00e1s prol\u00edficos y talentosos de la industria. Sus composiciones han dejado una huella imborrable en la m\u00fasica latina actual.<\/li>\n<\/ul>\n<p>&nbsp;<\/p>\n<ul>\n<li><strong>Productor del A\u00f1o:<\/strong>\u00a0Su capacidad para dar vida a diferentes estilos musicales como productor lo ha llevado a competir en la categor\u00eda de Productor del A\u00f1o. Su trabajo en la producci\u00f3n musical es altamente valorado.<\/li>\n<li><strong>Canci\u00f3n del A\u00f1o (Partida Doble):<\/strong>\u00a0Edgar ha logrado dos nominaciones en esta categor\u00eda; la primera es por su participaci\u00f3n como coautor en \u201c<em>NASA<\/em>,\u201d interpretada por\u00a0<strong>Camilo<\/strong>\u00a0&amp;\u00a0<strong>Alejandro Sanz.<\/strong>\u00a0La segunda nominaci\u00f3n es por su contribuci\u00f3n en \u201c<em>un X100to<\/em>\u201d de\u00a0<strong>Grupo Frontera<\/strong>\u00a0junto a\u00a0<strong>Bad Bunny.<\/strong>\u00a0Otra colaboraci\u00f3n exitosa que ha resonado en todo el mundo.<\/li>\n<li><strong>Tres Nominaciones en Canci\u00f3n Tropical:<\/strong>\u00a0El m\u00fasico mexicano tambi\u00e9n ha sido nominado en tres ocasiones en esta categor\u00eda con los temas \u201c<em>Ambulancia<\/em>\u201d de\u00a0<strong>Camilo<\/strong>\u00a0&amp;\u00a0<strong>Camila Cabello<\/strong>, \u201c<em>El Merengue<\/em>\u201d<br \/>\nde\u00a0<strong>Marshmello<\/strong>\u00a0&amp;\u00a0<strong>Manuel Turizo<\/strong>\u00a0y \u201c<em>La F\u00f3rmula<\/em>\u201d\u00a0<strong>Maluma<\/strong>\u00a0&amp;\u00a0<strong>Marc Anthony<\/strong>.<\/li>\n<li><strong>Tres Nominaciones en Canci\u00f3n Regional Mexicana:<\/strong>\u00a0Su destacada labor en la m\u00fasica regional mexicana tambi\u00e9n ha sido reconocida con tres nominaciones. Con los temas \u201c<em>Alaska<\/em>\u201d\u00a0<strong>Camilo<\/strong>\u00a0&amp;\u00a0<strong>Grupo Firme<\/strong>, \u201c<em>La Siguiente<\/em>\u201d\u00a0<strong>Kany Garc\u00eda<\/strong>\u00a0ft.\u00a0<strong>Christian Nodal<\/strong>\u00a0y \u201c<em>Un X100to<\/em>\u201d\u00a0<strong>Grupo Frontera<\/strong>\u00a0ft.\u00a0<strong>Bad Bunny<\/strong>.<\/li>\n<li><strong>Nominaci\u00f3n en Canci\u00f3n Pop:<\/strong>\u00a0La versatilidad de Edgar Barrera se extiende al g\u00e9nero pop, donde ha recibido una nominaci\u00f3n con el tema \u201c<em>5:24<\/em>\u201d de\u00a0<strong>Camilo<\/strong>.<\/li>\n<li><strong>\u00c1lbum del A\u00f1o:<\/strong>\u00a0Edgar compite por el prestigioso premio con el \u00e1lbum \u201c<em>De Adentro Pa Afuera<\/em>\u201d de Camilo. Un reconocimiento a su destacada labor detr\u00e1s de escena.<\/li>\n<li><strong>Grabaci\u00f3n del a\u00f1o:\u00a0<\/strong>Para esta nominaci\u00f3n, el artista posiblemente llegue a ganar por el tema \u201cLa F\u00f3rmula\u201d de Maluma y Marc Anthony.\n<div class=\"row\">\n<div class=\"col-12 py-5 note_content py-3\">\n<div>\n<p>Estas 13 nominaciones son un claro testimonio del impacto que Edgar Barrera ha tenido en la m\u00fasica latina contempor\u00e1nea. Su talento como compositor y productor ha sido fundamental para el \u00e9xito de numerosos artistas y canciones que han dejado una huella imborrable en la industria musical.<\/p>\n<\/div>\n<\/div>\n<\/div>\n<footer class=\"row pb-5\"><\/footer>\n<\/li>\n<\/ul>\n<\/div>\n<\/div>\n","protected":false},"excerpt":{"rendered":"<p>Edgar Barrera lidera las nominaciones al Latin Grammy 2023 con 13 menciones, prueba d su gran talento y \u00e9xito en la m\u00fasica. El destacado m\u00fasico mexicano\u00a0Edgar Barrera\u00a0ha logrado un impresionante reconocimiento al liderar la lista de nominados al\u00a0Latin Grammy 2023\u00a0con un total de 13 menciones en diversas categor\u00edas. Su versatilidad como compositor y productor lo [&hellip;]<\/p>\n","protected":false},"author":1,"featured_media":18671,"comment_status":"open","ping_status":"closed","sticky":false,"template":"","format":"standard","meta":{"footnotes":""},"categories":[4],"tags":[],"class_list":["post-18669","post","type-post","status-publish","format-standard","has-post-thumbnail","hentry","category-espectaculos"],"_links":{"self":[{"href":"https:\/\/podernacional.com\/index.php?rest_route=\/wp\/v2\/posts\/18669","targetHints":{"allow":["GET"]}}],"collection":[{"href":"https:\/\/podernacional.com\/index.php?rest_route=\/wp\/v2\/posts"}],"about":[{"href":"https:\/\/podernacional.com\/index.php?rest_route=\/wp\/v2\/types\/post"}],"author":[{"embeddable":true,"href":"https:\/\/podernacional.com\/index.php?rest_route=\/wp\/v2\/users\/1"}],"replies":[{"embeddable":true,"href":"https:\/\/podernacional.com\/index.php?rest_route=%2Fwp%2Fv2%2Fcomments&post=18669"}],"version-history":[{"count":1,"href":"https:\/\/podernacional.com\/index.php?rest_route=\/wp\/v2\/posts\/18669\/revisions"}],"predecessor-version":[{"id":18670,"href":"https:\/\/podernacional.com\/index.php?rest_route=\/wp\/v2\/posts\/18669\/revisions\/18670"}],"wp:featuredmedia":[{"embeddable":true,"href":"https:\/\/podernacional.com\/index.php?rest_route=\/wp\/v2\/media\/18671"}],"wp:attachment":[{"href":"https:\/\/podernacional.com\/index.php?rest_route=%2Fwp%2Fv2%2Fmedia&parent=18669"}],"wp:term":[{"taxonomy":"category","embeddable":true,"href":"https:\/\/podernacional.com\/index.php?rest_route=%2Fwp%2Fv2%2Fcategories&post=18669"},{"taxonomy":"post_tag","embeddable":true,"href":"https:\/\/podernacional.com\/index.php?rest_route=%2Fwp%2Fv2%2Ftags&post=18669"}],"curies":[{"name":"wp","href":"https:\/\/api.w.org\/{rel}","templated":true}]}}