{"id":18672,"date":"2023-09-20T08:53:35","date_gmt":"2023-09-20T13:53:35","guid":{"rendered":"https:\/\/podernacional.com\/?p=18672"},"modified":"2023-09-20T13:53:44","modified_gmt":"2023-09-20T13:53:44","slug":"manager-de-yahritza-y-su-esencia-pide-que-dejen-de-criticarlos","status":"publish","type":"post","link":"https:\/\/podernacional.com\/?p=18672","title":{"rendered":"M\u00e1nager de Yahritza Y Su Esencia pide que dejen de criticarlos"},"content":{"rendered":"<div class=\"col-12 mt-4 pb-2\"><em class=\"text-muted\">Romina Andrea, m\u00e1nager de Yahritza y su Esencia rompi\u00f3 el silencio sobre la ola de se\u00f1alamientos negativos a la agrupaci\u00f3n.<\/em><\/div>\n<div class=\"col-12 py-5 note_content py-3\">\n<div>\n<p>Esta ma\u00f1ana con\u00a0<strong>Chamonic,<\/strong>\u00a0te hablamos sobre la revelaci\u00f3n de las primeras nominaciones de los<strong>\u00a0Latin Grammy 2023<\/strong>. Tambi\u00e9n se habl\u00f3 sobre la probabilidad de que\u00a0<strong>Wendy Guevara<\/strong>\u00a0ya no participar\u00e1 en la telenovela de<strong>\u00a0Juan Osorio.<\/strong>\u00a0Por otro lado,<strong>\u00a0Shaila D\u00farcal<\/strong>\u00a0arremete contra la colaboraci\u00f3n de<strong>\u00a0\u00c1ngela Aguilar con Steve Aoki.<\/strong>\u00a0Y finalmente sobre las recientes declaraciones de la hermana y\u00a0<strong>m\u00e1nager de Yahritza Y Su Esencia,<\/strong>\u00a0quien pide que se detengan los comentarios negativos.<\/p>\n<p>&nbsp;<\/p>\n<\/div>\n<\/div>\n","protected":false},"excerpt":{"rendered":"<p>Romina Andrea, m\u00e1nager de Yahritza y su Esencia rompi\u00f3 el silencio sobre la ola de se\u00f1alamientos negativos a la agrupaci\u00f3n. Esta ma\u00f1ana con\u00a0Chamonic,\u00a0te hablamos sobre la revelaci\u00f3n de las primeras nominaciones de los\u00a0Latin Grammy 2023. Tambi\u00e9n se habl\u00f3 sobre la probabilidad de que\u00a0Wendy Guevara\u00a0ya no participar\u00e1 en la telenovela de\u00a0Juan Osorio.\u00a0Por otro lado,\u00a0Shaila D\u00farcal\u00a0arremete contra [&hellip;]<\/p>\n","protected":false},"author":1,"featured_media":18674,"comment_status":"open","ping_status":"closed","sticky":false,"template":"","format":"standard","meta":{"footnotes":""},"categories":[4],"tags":[],"class_list":["post-18672","post","type-post","status-publish","format-standard","has-post-thumbnail","hentry","category-espectaculos"],"_links":{"self":[{"href":"https:\/\/podernacional.com\/index.php?rest_route=\/wp\/v2\/posts\/18672","targetHints":{"allow":["GET"]}}],"collection":[{"href":"https:\/\/podernacional.com\/index.php?rest_route=\/wp\/v2\/posts"}],"about":[{"href":"https:\/\/podernacional.com\/index.php?rest_route=\/wp\/v2\/types\/post"}],"author":[{"embeddable":true,"href":"https:\/\/podernacional.com\/index.php?rest_route=\/wp\/v2\/users\/1"}],"replies":[{"embeddable":true,"href":"https:\/\/podernacional.com\/index.php?rest_route=%2Fwp%2Fv2%2Fcomments&post=18672"}],"version-history":[{"count":1,"href":"https:\/\/podernacional.com\/index.php?rest_route=\/wp\/v2\/posts\/18672\/revisions"}],"predecessor-version":[{"id":18673,"href":"https:\/\/podernacional.com\/index.php?rest_route=\/wp\/v2\/posts\/18672\/revisions\/18673"}],"wp:featuredmedia":[{"embeddable":true,"href":"https:\/\/podernacional.com\/index.php?rest_route=\/wp\/v2\/media\/18674"}],"wp:attachment":[{"href":"https:\/\/podernacional.com\/index.php?rest_route=%2Fwp%2Fv2%2Fmedia&parent=18672"}],"wp:term":[{"taxonomy":"category","embeddable":true,"href":"https:\/\/podernacional.com\/index.php?rest_route=%2Fwp%2Fv2%2Fcategories&post=18672"},{"taxonomy":"post_tag","embeddable":true,"href":"https:\/\/podernacional.com\/index.php?rest_route=%2Fwp%2Fv2%2Ftags&post=18672"}],"curies":[{"name":"wp","href":"https:\/\/api.w.org\/{rel}","templated":true}]}}