{"id":18723,"date":"2023-09-22T18:11:49","date_gmt":"2023-09-22T23:11:49","guid":{"rendered":"https:\/\/podernacional.com\/?p=18723"},"modified":"2023-09-22T23:11:52","modified_gmt":"2023-09-22T23:11:52","slug":"mexico-calcula-que-este-ano-140-mil-inmigrantes-atravesaran-su-territorio","status":"publish","type":"post","link":"https:\/\/podernacional.com\/?p=18723","title":{"rendered":"M\u00e9xico calcula que este a\u00f1o 140 mil inmigrantes atravesar\u00e1n su territorio"},"content":{"rendered":"<p>M\u00e9xico calcula que este a\u00f1o 140.000 inmigrantes llegados desde Centroam\u00e9rica transitar\u00e1n por su territorio en camino a Estados Unidos, a un ritmo que \u201crebasa cualquier capacidad, tanto de M\u00e9xico como de EE.UU.\u201d, dijo hoy en rueda de prensa la canciller Alicia B\u00e1rcena.<\/p>\n<p>B\u00e1rcena estaba haciendo balance de lo que ha sido su semana de contactos y reuniones con ocasi\u00f3n de la apertura de sesiones de las 78 Asamblea General de la ONU, y en ella la emigraci\u00f3n ocup\u00f3 un papel fundamental.<\/p>\n<p>Dijo, por ejemplo, que en estos momentos sabe que 3.000 emigrantes atraviesan al d\u00eda el paso del Dari\u00e9n -entre Colombia y Panam\u00e1- y suben hacia el norte; por el camino se incorporan personas de otros pa\u00edses centroamerianos hasta presentarse a diario 6.000 personas en su frontera sur, principalmente en la ciudad de Tapachula.<\/p>\n<p>Enumer\u00f3 los siete pa\u00edses de los que procede la mayor parte de emigrantes seg\u00fan los registros de M\u00e9xico: Venezuela, Colombia, Ecuador, Hait\u00ed, Guatemala, Honduras y El Salvador; de ellos, solo tres (Guatemala, Honduras y El Salvador) tienen un mecanismo de devoluci\u00f3n de emigrantes, pero no as\u00ed los dem\u00e1s.<\/p>\n<p>\u201cEstamos viendo qu\u00e9 hacer con ellos, y ver c\u00f3mo podemos hacer con Panam\u00e1 y Costa Rica\u201d, dos pa\u00edses que podr\u00edan colaborar en procesar los expedientes migratorios antes de que lleguen todos a territorio mexicano y desborden sus capacidades.<\/p>\n<p>Pero B\u00e1rcena insisti\u00f3 en no contemplar el tema de la migraci\u00f3n solo desde el punto de vista de la movilidad y los n\u00fameros, sino que hizo suyas las palabras del presidente Andr\u00e9s Manuel L\u00f3pez Obrador de tratar \u201clas causas profundas: \u00bfes la violencia? \u00bfes la pobreza? \u00bfes la falta de trabajo?\u201d, se pregunt\u00f3.<\/p>\n<div class=\"enhancement\" data-click=\"enhancement\" data-align-center=\"\">\n<div id=\"nativo_1\"><\/div>\n<\/div>\n<p>Por ello, abog\u00f3 por considerar la cuesti\u00f3n migratoria no por separado en cada pa\u00eds, sino con una perspectiva regional que incluya a todos los pa\u00edses de paso pero tambi\u00e9n de origen, entre los que cit\u00f3 a Colombia.<\/p>\n<p>Con respecto a Venezuela, consider\u00f3 que su pa\u00eds, que se ha propuesto como mediador entre Caracas y Estados Unidos, puede empujar por la celebraci\u00f3n de elecciones en ese pa\u00eds, lo que a su vez podr\u00eda contribuir a levantar las sanciones, y eso en \u00faltima instancia frenar\u00eda el \u00e9xodo de venezolanos hacia el exterior.<\/p>\n","protected":false},"excerpt":{"rendered":"<p>M\u00e9xico calcula que este a\u00f1o 140.000 inmigrantes llegados desde Centroam\u00e9rica transitar\u00e1n por su territorio en camino a Estados Unidos, a un ritmo que \u201crebasa cualquier capacidad, tanto de M\u00e9xico como de EE.UU.\u201d, dijo hoy en rueda de prensa la canciller Alicia B\u00e1rcena. B\u00e1rcena estaba haciendo balance de lo que ha sido su semana de contactos [&hellip;]<\/p>\n","protected":false},"author":1,"featured_media":18725,"comment_status":"open","ping_status":"closed","sticky":false,"template":"","format":"standard","meta":{"footnotes":""},"categories":[7],"tags":[],"class_list":["post-18723","post","type-post","status-publish","format-standard","has-post-thumbnail","hentry","category-nacional"],"_links":{"self":[{"href":"https:\/\/podernacional.com\/index.php?rest_route=\/wp\/v2\/posts\/18723","targetHints":{"allow":["GET"]}}],"collection":[{"href":"https:\/\/podernacional.com\/index.php?rest_route=\/wp\/v2\/posts"}],"about":[{"href":"https:\/\/podernacional.com\/index.php?rest_route=\/wp\/v2\/types\/post"}],"author":[{"embeddable":true,"href":"https:\/\/podernacional.com\/index.php?rest_route=\/wp\/v2\/users\/1"}],"replies":[{"embeddable":true,"href":"https:\/\/podernacional.com\/index.php?rest_route=%2Fwp%2Fv2%2Fcomments&post=18723"}],"version-history":[{"count":1,"href":"https:\/\/podernacional.com\/index.php?rest_route=\/wp\/v2\/posts\/18723\/revisions"}],"predecessor-version":[{"id":18724,"href":"https:\/\/podernacional.com\/index.php?rest_route=\/wp\/v2\/posts\/18723\/revisions\/18724"}],"wp:featuredmedia":[{"embeddable":true,"href":"https:\/\/podernacional.com\/index.php?rest_route=\/wp\/v2\/media\/18725"}],"wp:attachment":[{"href":"https:\/\/podernacional.com\/index.php?rest_route=%2Fwp%2Fv2%2Fmedia&parent=18723"}],"wp:term":[{"taxonomy":"category","embeddable":true,"href":"https:\/\/podernacional.com\/index.php?rest_route=%2Fwp%2Fv2%2Fcategories&post=18723"},{"taxonomy":"post_tag","embeddable":true,"href":"https:\/\/podernacional.com\/index.php?rest_route=%2Fwp%2Fv2%2Ftags&post=18723"}],"curies":[{"name":"wp","href":"https:\/\/api.w.org\/{rel}","templated":true}]}}