{"id":18756,"date":"2023-09-25T16:36:21","date_gmt":"2023-09-25T21:36:21","guid":{"rendered":"https:\/\/podernacional.com\/?p=18756"},"modified":"2023-09-25T21:36:30","modified_gmt":"2023-09-25T21:36:30","slug":"emilio-osorio-asegura-que-cancelacion-de-wendy-en-telenovela-de-su-papa-no-afectara-su-relacion","status":"publish","type":"post","link":"https:\/\/podernacional.com\/?p=18756","title":{"rendered":"Emilio Osorio asegura que cancelaci\u00f3n de Wendy en telenovela de su pap\u00e1 no afectar\u00e1 su relaci\u00f3n"},"content":{"rendered":"<div class=\"nd-title-headline-title-headline-base\" data-cdn=\"https:\/\/www.milenio.com\/dist\/images\/placeholder\/300x352.jpg\">\n<h4 class=\"nd-title-headline-title-headline-base__abstract\" style=\"text-align: center;\">Uno de los proyectos m\u00e1s esperados por los fans de Wendy Guevara sin duda fue la telenovela del productor Juan Osorio donde aparecer\u00eda.<\/h4>\n<\/div>\n<section class=\"nd-media-detail-base\">\n<div class=\"nd-media-detail-base__slide\">La influencer<strong>\u00a0Wendy Guevara<\/strong>\u00a0tiene en puerta<span data-tbw-flag=\"true\">\u00a0una gran cantidad de eventos<\/span>, pues tras haberse coronado como la ganadora de\u00a0<em>La Casa de Los Famosos M\u00e9xico<\/em>, las propuestas de trabajo no han parado para ella.<\/p>\n<p>Uno de los proyectos m\u00e1s esperados por sus fans sin duda fue la\u00a0<strong>telenovela de Juan Osorio<\/strong>\u00a0donde aparecer\u00eda, sin embargo, en d\u00edas pasados se dio a conocer que<span data-tbw-flag=\"true\">\u00a0la leonesa no estar\u00eda en el elenco<\/span>.<\/div>\n<\/section>\n","protected":false},"excerpt":{"rendered":"<p>Uno de los proyectos m\u00e1s esperados por los fans de Wendy Guevara sin duda fue la telenovela del productor Juan Osorio donde aparecer\u00eda. La influencer\u00a0Wendy Guevara\u00a0tiene en puerta\u00a0una gran cantidad de eventos, pues tras haberse coronado como la ganadora de\u00a0La Casa de Los Famosos M\u00e9xico, las propuestas de trabajo no han parado para ella. Uno [&hellip;]<\/p>\n","protected":false},"author":1,"featured_media":18758,"comment_status":"open","ping_status":"closed","sticky":false,"template":"","format":"standard","meta":{"footnotes":""},"categories":[4],"tags":[],"class_list":["post-18756","post","type-post","status-publish","format-standard","has-post-thumbnail","hentry","category-espectaculos"],"_links":{"self":[{"href":"https:\/\/podernacional.com\/index.php?rest_route=\/wp\/v2\/posts\/18756","targetHints":{"allow":["GET"]}}],"collection":[{"href":"https:\/\/podernacional.com\/index.php?rest_route=\/wp\/v2\/posts"}],"about":[{"href":"https:\/\/podernacional.com\/index.php?rest_route=\/wp\/v2\/types\/post"}],"author":[{"embeddable":true,"href":"https:\/\/podernacional.com\/index.php?rest_route=\/wp\/v2\/users\/1"}],"replies":[{"embeddable":true,"href":"https:\/\/podernacional.com\/index.php?rest_route=%2Fwp%2Fv2%2Fcomments&post=18756"}],"version-history":[{"count":1,"href":"https:\/\/podernacional.com\/index.php?rest_route=\/wp\/v2\/posts\/18756\/revisions"}],"predecessor-version":[{"id":18757,"href":"https:\/\/podernacional.com\/index.php?rest_route=\/wp\/v2\/posts\/18756\/revisions\/18757"}],"wp:featuredmedia":[{"embeddable":true,"href":"https:\/\/podernacional.com\/index.php?rest_route=\/wp\/v2\/media\/18758"}],"wp:attachment":[{"href":"https:\/\/podernacional.com\/index.php?rest_route=%2Fwp%2Fv2%2Fmedia&parent=18756"}],"wp:term":[{"taxonomy":"category","embeddable":true,"href":"https:\/\/podernacional.com\/index.php?rest_route=%2Fwp%2Fv2%2Fcategories&post=18756"},{"taxonomy":"post_tag","embeddable":true,"href":"https:\/\/podernacional.com\/index.php?rest_route=%2Fwp%2Fv2%2Ftags&post=18756"}],"curies":[{"name":"wp","href":"https:\/\/api.w.org\/{rel}","templated":true}]}}