{"id":18822,"date":"2023-09-27T18:26:25","date_gmt":"2023-09-27T23:26:25","guid":{"rendered":"https:\/\/podernacional.com\/?p=18822"},"modified":"2023-09-28T23:32:13","modified_gmt":"2023-09-28T23:32:13","slug":"rauw-alejandro-regresara-con-rosalia-la-motomami-da-esperanza-por-un-detalle","status":"publish","type":"post","link":"https:\/\/podernacional.com\/?p=18822","title":{"rendered":"\u00bfRAUW ALEJANDRO REGRESAR\u00c1 CON ROSAL\u00cdA? LA \u201cMOTOMAMI\u201d DA ESPERANZA POR UN DETALLE"},"content":{"rendered":"<div class=\"col-span-12\">\n<div class=\"my-4 lg:text-[20px] text-[#666666] font-Roboto-Bold\">\n<div>\n<h3 style=\"text-align: center;\">Los fans est\u00e1n cada vez m\u00e1s entusiasmados por la posible reconciliaci\u00f3n de Rosal\u00eda y Rauw Alejandro. \u00bfSer\u00e1 posible?<\/h3>\n<\/div>\n<\/div>\n<\/div>\n<div class=\"col-span-full lg:col-span-9\">\n<div class=\"post-details\">\n<p>Desde que\u00a0<b><strong>Rauw Alejandro y Rosal\u00eda confirmaron que hab\u00edan terminado su compromiso<\/strong><\/b>, muchos fans no pueden creer que esto sea una realidad. En las \u00faltimas semanas, algunos usuarios han encontrado\u00a0<b><strong>pistas que sugieren que ambos artistas est\u00e1n considerando reavivar su relaci\u00f3n<\/strong><\/b>.<\/p>\n<\/div>\n<div class=\"post-details\">\n<p>Inicialmente, Rauw Alejandro fue el \u00fanico que expres\u00f3 sus sentimientos despu\u00e9s de haber terminado su relaci\u00f3n amorosa a trav\u00e9s de la canci\u00f3n \u2018Hayami Hana\u2019.<\/p>\n<\/div>\n<div class=\"post-details\">\n<p>Sin embargo, ahora ha sido\u00a0<b><strong>Rosal\u00eda quien ha vuelto a utilizar el anillo de compromiso, aunque lo ha hecho de una manera peculiar<\/strong><\/b>.<\/p>\n<div class=\"post-details\">\n<h2>Rosal\u00eda volvi\u00f3 a usar el anillo de compromiso de Rauw Alejandro<\/h2>\n<\/div>\n<div class=\"post-details\">\n<p><b><strong>Rosal\u00eda cumpli\u00f3 31 a\u00f1os el pasado 25 de septiembre<\/strong><\/b>\u00a0<b><strong>y lo celebr\u00f3 en Par\u00eds<\/strong><\/b>, donde se encuentra de gira por la Semana de la Moda.<\/p>\n<\/div>\n<div class=\"post-details\">\n<p>Fue all\u00ed donde los fot\u00f3grafos y los fans la captaron usando el anillo de compromiso que Rauw Alejandro le hab\u00eda dado.<\/p>\n<div class=\"post-details\">\n<p>En una de las fotograf\u00edas,\u00a0<b><strong>la cantante espa\u00f1ola luce la joya en su arete derecho<\/strong><\/b>. Se trata del mismo anillo de diamantes de la firma Jessica Flinn-Allen, que tiene un valor aproximado de 183 mil d\u00f3lares, seg\u00fan informes.<\/p>\n<\/div>\n<div class=\"post-details\">\n<p><b><strong>Este anillo fue obsequiado por Rauw Alejandro a Rosal\u00eda durante la canci\u00f3n \u2018Beso\u2019, donde oficialmente anunciaron su compromiso.<\/strong><\/b><\/p>\n<div>\n<div class=\"post-details space-y-[20px] text-left  font-Roboto  text-[#404040] \">\n<h2>\u00bfRauw Alejandro y Rosal\u00eda regresaron?<\/h2>\n<\/div>\n<\/div>\n<div class=\"post-details\">\n<p>Hasta ahora,\u00a0<b><strong>Rauw Alejandro y Rosal\u00eda no han anunciado oficialmente su reconciliaci\u00f3n<\/strong><\/b>, y todo lo que ha circulado ha sido mera especulaci\u00f3n.<\/p>\n<\/div>\n<div class=\"post-details\">\n<p>Los rumores se intensificaron despu\u00e9s de que el cantante puertorrique\u00f1o ofreciera un concierto en Madrid hace algunas semanas,\u00a0<b><strong>donde\u00a0hizo referencia al tatuaje dedicado a Rosal\u00eda\u00a0que tiene en su abdomen durante la canci\u00f3n \u20182\/Catorce\u2019<\/strong><\/b>. Esto provoc\u00f3 la emoci\u00f3n de los fan\u00e1ticos en el p\u00fablico.<\/p>\n<\/div>\n<div class=\"post-details\">\n<p>Durante la misma presentaci\u00f3n, una fan le entreg\u00f3 una bufanda con el rostro de la \u201cMotomami\u201d, que Rauw Alejandro inicialmente acept\u00f3 y se coloc\u00f3 en el hombro mientras cantaba \u2018Todo de ti\u2019.}<\/p>\n<div class=\"post-details\">\n<p>Sin embargo, en esta ocasi\u00f3n, el puertorrique\u00f1o la devolvi\u00f3 al suelo y continu\u00f3 el concierto sin el obsequio.<\/p>\n<\/div>\n<div class=\"post-details\">\n<p>Adem\u00e1s, una serie de fotograf\u00edas publicadas en sus respectivas redes sociales revelaron\u00a0<b><strong>que tanto Rauw como Rosal\u00eda est\u00e1n leyendo el mismo libro<\/strong><\/b>.<\/p>\n<div class=\"post-details\">\n<figure id=\"attachment_23929\" class=\"wp-caption aligncenter\" aria-describedby=\"caption-attachment-23929\"><figcaption id=\"caption-attachment-23929\" class=\"wp-caption-text\">Las sospechas de una reconciliaci\u00f3n entre Rosal\u00eda y Rauw Alejandro iniciaron por este par de fotograf\u00edas. (Instagram)<\/figcaption><\/figure>\n<\/div>\n<div class=\"post-details\">\n<p>Esto ha generado sospechas sobre una posible reconciliaci\u00f3n, aunque no ha habido pistas claras que confirmen el estado actual de su relaci\u00f3n amorosa.<\/p>\n<\/div>\n<div class=\"post-details\">\n<p>En las redes sociales, los seguidores de ambos artistas han expresado opiniones como: \u201cEs evidente que han vuelto a ser pareja. Los dos est\u00e1n usando esos famosos anillos de nuevo, curiosamente hace una semana\u201c, \u201cCuando vuelva con mi ex, habr\u00e1 se\u00f1ales\u201d, y \u201c<b><strong>Mientras siga con su tatuaje de Rosal\u00eda, yo seguir\u00e9 durmiendo tranquila<\/strong><\/b>\u201c.<\/p>\n<\/div>\n<\/div>\n<\/div>\n<\/div>\n<\/div>\n<\/div>\n<\/div>\n","protected":false},"excerpt":{"rendered":"<p>Los fans est\u00e1n cada vez m\u00e1s entusiasmados por la posible reconciliaci\u00f3n de Rosal\u00eda y Rauw Alejandro. \u00bfSer\u00e1 posible? Desde que\u00a0Rauw Alejandro y Rosal\u00eda confirmaron que hab\u00edan terminado su compromiso, muchos fans no pueden creer que esto sea una realidad. En las \u00faltimas semanas, algunos usuarios han encontrado\u00a0pistas que sugieren que ambos artistas est\u00e1n considerando reavivar [&hellip;]<\/p>\n","protected":false},"author":1,"featured_media":18824,"comment_status":"open","ping_status":"closed","sticky":false,"template":"","format":"standard","meta":{"footnotes":""},"categories":[4],"tags":[],"class_list":["post-18822","post","type-post","status-publish","format-standard","has-post-thumbnail","hentry","category-espectaculos"],"_links":{"self":[{"href":"https:\/\/podernacional.com\/index.php?rest_route=\/wp\/v2\/posts\/18822","targetHints":{"allow":["GET"]}}],"collection":[{"href":"https:\/\/podernacional.com\/index.php?rest_route=\/wp\/v2\/posts"}],"about":[{"href":"https:\/\/podernacional.com\/index.php?rest_route=\/wp\/v2\/types\/post"}],"author":[{"embeddable":true,"href":"https:\/\/podernacional.com\/index.php?rest_route=\/wp\/v2\/users\/1"}],"replies":[{"embeddable":true,"href":"https:\/\/podernacional.com\/index.php?rest_route=%2Fwp%2Fv2%2Fcomments&post=18822"}],"version-history":[{"count":1,"href":"https:\/\/podernacional.com\/index.php?rest_route=\/wp\/v2\/posts\/18822\/revisions"}],"predecessor-version":[{"id":18823,"href":"https:\/\/podernacional.com\/index.php?rest_route=\/wp\/v2\/posts\/18822\/revisions\/18823"}],"wp:featuredmedia":[{"embeddable":true,"href":"https:\/\/podernacional.com\/index.php?rest_route=\/wp\/v2\/media\/18824"}],"wp:attachment":[{"href":"https:\/\/podernacional.com\/index.php?rest_route=%2Fwp%2Fv2%2Fmedia&parent=18822"}],"wp:term":[{"taxonomy":"category","embeddable":true,"href":"https:\/\/podernacional.com\/index.php?rest_route=%2Fwp%2Fv2%2Fcategories&post=18822"},{"taxonomy":"post_tag","embeddable":true,"href":"https:\/\/podernacional.com\/index.php?rest_route=%2Fwp%2Fv2%2Ftags&post=18822"}],"curies":[{"name":"wp","href":"https:\/\/api.w.org\/{rel}","templated":true}]}}