{"id":1884,"date":"2020-11-07T21:11:03","date_gmt":"2020-11-07T21:11:03","guid":{"rendered":"http:\/\/whatsappcancun.com\/?p=1884"},"modified":"2020-11-07T21:11:03","modified_gmt":"2020-11-07T21:11:03","slug":"debemos-afrontar-la-captacion-de-turismo-con-las-medidas-y-garantias-para-hacerlo-carlos-joaquin","status":"publish","type":"post","link":"https:\/\/podernacional.com\/?p=1884","title":{"rendered":"DEBEMOS AFRONTAR LA CAPTACI\u00d3N DE TURISMO CON LAS MEDIDAS Y GARANT\u00cdAS PARA HACERLO: CARLOS JOAQU\u00cdN"},"content":{"rendered":"\n<p>\u201cHoy, los municipios del centro y el sur tienen que afrontar la captaci\u00f3n del turismo nacional e internacional con todas las herramientas y garant\u00edas necesarias para hacerlo\u201d, expres\u00f3 el gobernador Carlos Joaqu\u00edn durante la ceremonia de toma de protesta de la nueva mesa directiva de la Asociaci\u00f3n de Hoteles del Centro y Sur de Quintana Roo.https:\/\/platform.twitter.com\/embed\/index.html?creatorScreenName=ComunicacionQR&amp;dnt=true&amp;embedId=twitter-widget-2&amp;frame=false&amp;hideCard=false&amp;hideThread=false&amp;id=1324785952104001539&amp;lang=es&amp;origin=http%3A%2F%2Fcgc.qroo.gob.mx%2Fdebemos-afrontar-la-captacion-de-turismo-con-las-medidas-y-garantias-para-hacerlo-carlos-joaquin%2F&amp;siteScreenName=ComunicacionQR&amp;theme=light&amp;widgetsVersion=ed20a2b%3A1601588405575&amp;width=550px<\/p>\n\n\n\n<p>Insisti\u00f3 Carlos Joaqu\u00edn en que el equilibrio entre el cuidado de la salud y la recuperaci\u00f3n econ\u00f3mica permitir\u00e1 avanzar m\u00e1s r\u00e1pido hacia una nueva normalidad, que permita m\u00e1s desarrollo econ\u00f3mico y mejores oportunidades para todos, a trav\u00e9s de la creaci\u00f3n de empleos mejor pagados.https:\/\/platform.twitter.com\/embed\/index.html?creatorScreenName=ComunicacionQR&amp;dnt=true&amp;embedId=twitter-widget-3&amp;frame=false&amp;hideCard=false&amp;hideThread=false&amp;id=1324728693911023617&amp;lang=es&amp;origin=http%3A%2F%2Fcgc.qroo.gob.mx%2Fdebemos-afrontar-la-captacion-de-turismo-con-las-medidas-y-garantias-para-hacerlo-carlos-joaquin%2F&amp;siteScreenName=ComunicacionQR&amp;theme=light&amp;widgetsVersion=ed20a2b%3A1601588405575&amp;width=550px<\/p>\n\n\n\n<p>Durante el evento, el titular del Ejecutivo plante\u00f3 que para ello es menester elaborar el desarrollo tur\u00edstico de la regi\u00f3n, a partir de un plan donde se integre a las comunidades que nutren a la industria sin chimeneas de ra\u00edces y tradiciones.https:\/\/platform.twitter.com\/embed\/index.html?creatorScreenName=ComunicacionQR&amp;dnt=true&amp;embedId=twitter-widget-4&amp;frame=false&amp;hideCard=false&amp;hideThread=false&amp;id=1324536964444508160&amp;lang=es&amp;origin=http%3A%2F%2Fcgc.qroo.gob.mx%2Fdebemos-afrontar-la-captacion-de-turismo-con-las-medidas-y-garantias-para-hacerlo-carlos-joaquin%2F&amp;siteScreenName=ComunicacionQR&amp;theme=light&amp;widgetsVersion=ed20a2b%3A1601588405575&amp;width=550px<\/p>\n\n\n\n<p>Carlos Joaqu\u00edn pidi\u00f3 que los empresarios se abran m\u00e1s a la b\u00fasqueda de nuevos mercados, que diversifiquen su oferta y, frente a la fuerza de los grandes hoteles, tambi\u00e9n rescaten las tradiciones de los peque\u00f1os hoteles que hicieron historia en los albores de Quintana Roo.<\/p>\n\n\n\n<p>Asimismo, el gobernador de Quintana Roo explic\u00f3 que se necesita reactivar la econom\u00eda del estado, de forma gradual, ordenada y responsable, con el cuidado de la salud y adoptando las medidas preventivas y los h\u00e1bitos de higiene para evitar contagios de covid-19.<\/p>\n\n\n\n<p>La Asociaci\u00f3n de Hoteles del Centro y Sur de Quintana Roo renov\u00f3 su mesa directiva. Bertha Medina N\u00fa\u00f1ez de C\u00e1ceres asumi\u00f3 la presidencia que dej\u00f3 por vencimiento de su encargo Deborah Angulo Villanueva.<\/p>\n\n\n\n<p>La presidenta saliente agradeci\u00f3 a la SEDETUR y al Consejo de Promoci\u00f3n Tur\u00edstica de Quintana Roo, a la Secretar\u00eda de Desarrollo Econ\u00f3mico, a la Secretar\u00eda del Trabajo y a la Secretar\u00eda de Finanzas y Planeaci\u00f3n por el impulso a la actividad tur\u00edstica en la regi\u00f3n sur.<\/p>\n\n\n\n<p>Con la presencia del presidente nacional de la Asociaci\u00f3n de Hoteles y Moteles Juan Jos\u00e9 Fern\u00e1ndez, la secretaria de Turismo Marisol Vanegas P\u00e9rez y miembros de la asociaci\u00f3n, la nueva presidenta rindi\u00f3 protesta.<\/p>\n\n\n\n<p>El dirigente nacional destac\u00f3 dos acciones que ha impulsado el gobernador Carlos Joaqu\u00edn: la aplicaci\u00f3n de los protocolos de sanidad y los h\u00e1bitos de higiene para lograr la recuperaci\u00f3n tur\u00edstica, y la informaci\u00f3n oportuna que proporciona a la poblaci\u00f3n para enfrentar a los huracanes y la recuperaci\u00f3n tras su paso.<\/p>\n\n\n\n<p>La nueva presidenta Bertha Medina expres\u00f3 que la crisis generada por la emergencia sanitaria de la pandemia covid-19 ha estrangulado la econom\u00eda de este sector, con crecimientos de un d\u00edgito, con descansos obligatorios, asumiendo cr\u00e9ditos financieros que se tienen que cubrir.<\/p>\n\n\n\n<p>Solicit\u00f3 que, para salir adelante, para avanzar en la recuperaci\u00f3n, se trabaje en la promoci\u00f3n tur\u00edstica y se atienda al mercado belice\u00f1o, que tradicionalmente fortalece la econom\u00eda local.<\/p>\n\n\n\n<p>\u201cEl sur es una tierra m\u00e1gica que enamora y que surgi\u00f3 para ser grande\u201d, expres\u00f3.<\/p>\n\n\n\n<p>Esta organizaci\u00f3n cuenta con 48 hoteles asociados, con un aproximado de dos mil habitaciones y la mayor\u00eda se encuentra en Chetumal. El 60 por ciento de la oferta habitacional pertenece a la asociaci\u00f3n, genera alrededor de tres mil empleos directos y siete mil indirectos.<\/p>\n\n\n\n<p>En turismo, en el centro y el sur de Quintana Roo, sobresalen la riqueza y la cultura que caracterizan al Caribe mexicano y ello permite ser m\u00e1s que un destino de sol y playa, pues se diversifican las actividades desde la belleza de los sitios arqueol\u00f3gicos, la gastronom\u00eda, las rutas hist\u00f3ricas, las cuevas y los cenotes, los museos y la calidez de la gente.<\/p>\n\n\n\n<p>Durante el a\u00f1o de 2019, la zona sur de Quintana Roo -los destinos de Chetumal, Bacalar, Mahahual y Felipe Carrillo Puerto- tuvieron una afluencia total de casi un mill\u00f3n 100 mil turistas, una derrama econ\u00f3mica de 181 mil 097 millones de d\u00f3lares y una ocupaci\u00f3n hotelera promedio del 60.3 por ciento.<\/p>\n","protected":false},"excerpt":{"rendered":"<p>\u201cHoy, los municipios del centro y el sur tienen que afrontar la captaci\u00f3n del turismo nacional e internacional con todas las herramientas y garant\u00edas necesarias para hacerlo\u201d, expres\u00f3 el gobernador Carlos Joaqu\u00edn durante la ceremonia de toma de protesta de la nueva mesa directiva de la Asociaci\u00f3n de Hoteles del Centro y Sur de Quintana [&hellip;]<\/p>\n","protected":false},"author":1,"featured_media":1885,"comment_status":"open","ping_status":"open","sticky":false,"template":"","format":"standard","meta":{"footnotes":""},"categories":[6],"tags":[],"class_list":["post-1884","post","type-post","status-publish","format-standard","has-post-thumbnail","hentry","category-local"],"_links":{"self":[{"href":"https:\/\/podernacional.com\/index.php?rest_route=\/wp\/v2\/posts\/1884","targetHints":{"allow":["GET"]}}],"collection":[{"href":"https:\/\/podernacional.com\/index.php?rest_route=\/wp\/v2\/posts"}],"about":[{"href":"https:\/\/podernacional.com\/index.php?rest_route=\/wp\/v2\/types\/post"}],"author":[{"embeddable":true,"href":"https:\/\/podernacional.com\/index.php?rest_route=\/wp\/v2\/users\/1"}],"replies":[{"embeddable":true,"href":"https:\/\/podernacional.com\/index.php?rest_route=%2Fwp%2Fv2%2Fcomments&post=1884"}],"version-history":[{"count":0,"href":"https:\/\/podernacional.com\/index.php?rest_route=\/wp\/v2\/posts\/1884\/revisions"}],"wp:featuredmedia":[{"embeddable":true,"href":"https:\/\/podernacional.com\/index.php?rest_route=\/wp\/v2\/media\/1885"}],"wp:attachment":[{"href":"https:\/\/podernacional.com\/index.php?rest_route=%2Fwp%2Fv2%2Fmedia&parent=1884"}],"wp:term":[{"taxonomy":"category","embeddable":true,"href":"https:\/\/podernacional.com\/index.php?rest_route=%2Fwp%2Fv2%2Fcategories&post=1884"},{"taxonomy":"post_tag","embeddable":true,"href":"https:\/\/podernacional.com\/index.php?rest_route=%2Fwp%2Fv2%2Ftags&post=1884"}],"curies":[{"name":"wp","href":"https:\/\/api.w.org\/{rel}","templated":true}]}}