{"id":19005,"date":"2023-10-08T15:05:45","date_gmt":"2023-10-08T20:05:45","guid":{"rendered":"https:\/\/podernacional.com\/?p=19005"},"modified":"2023-10-08T20:05:55","modified_gmt":"2023-10-08T20:05:55","slug":"jornada-laboral-de-40-horas-en-mexico-cuando-se-discutira-en-camara-de-diputados","status":"publish","type":"post","link":"https:\/\/podernacional.com\/?p=19005","title":{"rendered":"Jornada laboral de 40 horas en M\u00e9xico, \u00bfcu\u00e1ndo se discutir\u00e1 en C\u00e1mara de Diputados?"},"content":{"rendered":"<div class=\"flex items-center border border-gray-200 border-l-0 border-r-0 py-3 mb-4\">\n<div class=\"flex-1\">\n<h3 class=\"text-base leading-5 pl-2 font-lato\" style=\"text-align: center;\">Los diputados definieron las fechas en las que se realizar\u00e1 un Parlamento Abierto para escuchar las voces de los sectores empresarial, sindical, acad\u00e9mico y trabajadores<\/h3>\n<p class=\"default__StyledText-sc-108h6at-0 eZJtyi body-paragraph\">\u00a0La reforma constitucional que busca la<b>\u00a0reducci\u00f3n de la jornada laboral en M\u00e9xico<\/b>\u00a0podr\u00eda dar un nuevo paso en el terreno legislativo.<\/p>\n<p class=\"default__StyledText-sc-108h6at-0 eZJtyi body-paragraph\"><b>La C\u00e1mara de Diputados discutir\u00eda la reforma que reduce la jornada laboral de 48 a 40 horas semanales despu\u00e9s de que se apruebe el Presupuesto de Egresos de 2024<\/b>, de acuerdo con Susana Prieto Terrazas, la diputada de Morena que impulsa la iniciativa.<\/p>\n<p class=\"default__StyledText-sc-108h6at-0 eZJtyi body-paragraph\">La Comisi\u00f3n de Puntos Constitucionales de\u00a0la C\u00e1mara de Diputados aprob\u00f3 el 25 de abril de 2023\u00a0la reforma al Art\u00edculo 123 del Apartado A de la Constituci\u00f3n que establece la reducci\u00f3n de la jornada laboral en M\u00e9xico, a fin de garantizar a los trabajadores dos d\u00edas de descanso por semana.<\/p>\n<p class=\"default__StyledText-sc-108h6at-0 eZJtyi body-paragraph\">La reforma para reducir la jornada laboral a 40 horas a la semana se ha mantenido desde entonces en pausa, pero ahora su futuro legislativo puede dar un leve giro con el reinicio de su discusi\u00f3n por parte de los diputados.<\/p>\n<h2 class=\"heading__StyledHeading-sc-1m7zxnp-0 dzjSfh\">Ruta de la reforma de reducci\u00f3n de la jornada laboral<\/h2>\n<p class=\"default__StyledText-sc-108h6at-0 eZJtyi body-paragraph\">La diputada Susana Prieto dijo que, antes de que la reforma constitucional sea discutida en el Pleno de la C\u00e1mara de Diputados,\u00a0<b>se realizar\u00e1 un Parlamento Abierto para que diversos sectores opinen sobre la reforma y la iniciativa logre el consenso de los partidos y la legitimidad de los sectores.<\/b><\/p>\n<p class=\"default__StyledText-sc-108h6at-0 eZJtyi body-paragraph\"><b>El lunes 9 de octubre se reunir\u00e1 un grupo plural<\/b>\u00a0que se constituy\u00f3 en la C\u00e1mara de Diputados para dar rumbo a la reforma, la cual estar\u00e1 encabezada por los presidentes de las comisiones de Puntos Constitucionales, de Trabajo y Previsi\u00f3n Social y de Seguridad Social, as\u00ed como de una comisi\u00f3n plural integrada por un diputado de cada partido pol\u00edtico.<\/p>\n<h2 class=\"heading__StyledHeading-sc-1m7zxnp-0 dzjSfh\">Fechas del Parlamento Abierto de la reforma de jornada laboral<\/h2>\n<p class=\"default__StyledText-sc-108h6at-0 eZJtyi body-paragraph\"><b>Los diputados discutir\u00e1n en Parlamento Abierto la reducci\u00f3n de la jornada laboral durante cuatro sesiones los d\u00edas lunes.<\/b><\/p>\n<p class=\"default__StyledText-sc-108h6at-0 eZJtyi body-paragraph\">Uno de los motivos de los diputados de Morena para hacer el Parlamento Abierto es que la reforma sea consensada entre sectores y evitar que pueda ser declarada como inconstitucional por la Suprema Corte de Justicia de M\u00e9xico (SCJN).<\/p>\n<p class=\"default__StyledText-sc-108h6at-0 eZJtyi body-paragraph\"><b>La primera fecha de discusi\u00f3n ser\u00e1 el lunes 16 de octubre, la segunda fecha ser\u00e1 el lunes 23 de octubre, la tercera fecha ser\u00e1 el 6 de noviembre, y la cuarta y \u00faltima fecha ser\u00e1 el 13 de noviembre.<\/b><\/p>\n<p class=\"default__StyledText-sc-108h6at-0 eZJtyi body-paragraph\">Despu\u00e9s del Parlamento Abierto se dar\u00e1n a conocer las conclusiones de todos los participantes el martes 21 de noviembre.<\/p>\n<p class=\"default__StyledText-sc-108h6at-0 eZJtyi body-paragraph\">La C\u00e1mara de Diputados tiene como plazo el 15 de noviembre para aprobar el\u00a0<b>Presupuesto de Egresos 2024,<\/b> por lo que ser\u00eda a partir de esa fecha cuando se dar\u00eda la discusi\u00f3n en el Pleno de la reforma que reduce la jornada laboral a 40 horas a la semana.<\/p>\n<p class=\"default__StyledText-sc-108h6at-0 eZJtyi body-paragraph\">La reforma volver\u00eda a entrar en una carrera contrarreloj porque el periodo de sesiones concluir\u00e1 el 15 de diciembre, es decir, habr\u00eda al menos seis sesiones para llevar la reforma al Pleno.<\/p>\n<p class=\"default__StyledText-sc-108h6at-0 eZJtyi body-paragraph\">\u201cDurante el tiempo que estemos trabajando como diputados la Ley de Ingresos y el Presupuesto de Egresos 2024, vamos a estar llevando a cabo este Parlamento Abierto para que una vez que se apruebe Presupuesto, se pueda discutir en el Pleno antes de que concluya este periodo ordinario de sesiones y nos alcance el tiempo suficiente para que pase al Senado\u201d, dijo Susana Prieto en declaraciones hechas el 5 de octubre.<\/p>\n<p class=\"default__StyledText-sc-108h6at-0 eZJtyi body-paragraph\"><b>Una vez que la reforma sea aprobada por la C\u00e1mara de Diputados, pasar\u00e1 a las comisiones del Senado y posteriormente al Pleno del Senado.<\/b><\/p>\n<p class=\"default__StyledText-sc-108h6at-0 eZJtyi body-paragraph\">Es importante mencionar que, al ser una reforma constitucional, necesita mayor\u00eda calificada en el Congreso y que\u00a0<b>la reforma sea aprobada por la mayor\u00eda de las legislaturas locales (17 congresos estatales).<\/b><\/p>\n<p class=\"default__StyledText-sc-108h6at-0 eZJtyi body-paragraph\">Solo hasta que la reforma sea aprobada por los 17 congresos estatales, pasar\u00eda al Ejecutivo para su posterior entrada en vigor.<\/p>\n<\/div>\n<\/div>\n<figure class=\"lead-art-wrapper\">\n<div><picture class=\"Image__StyledPicture-sc-1g24b0j-0 cHvurg\"><source srcset=\"https:\/\/www.bloomberglinea.com\/resizer\/BT9XbwkXqFgrlvrGarRPfj6t0cw=\/800x0\/filters:format(webp):quality(75)\/cloudfront-us-east-1.images.arcpublishing.com\/bloomberglinea\/OWYJN4AZCTTQL65DFRVWB7WUQQ.jpg\" media=\"screen and (min-width: 1024px)\" \/><source srcset=\"https:\/\/www.bloomberglinea.com\/resizer\/BT9XbwkXqFgrlvrGarRPfj6t0cw=\/800x0\/filters:format(webp):quality(75)\/cloudfront-us-east-1.images.arcpublishing.com\/bloomberglinea\/OWYJN4AZCTTQL65DFRVWB7WUQQ.jpg\" media=\"screen and (min-width: 768px)\" \/><source srcset=\"https:\/\/www.bloomberglinea.com\/resizer\/meno7VNM99z_YBJ5ph28p56PBxs=\/600x0\/filters:format(webp):quality(75)\/cloudfront-us-east-1.images.arcpublishing.com\/bloomberglinea\/OWYJN4AZCTTQL65DFRVWB7WUQQ.jpg\" media=\"screen and (min-width: 0px)\" \/><\/picture><\/div>\n<\/figure>\n","protected":false},"excerpt":{"rendered":"<p>Los diputados definieron las fechas en las que se realizar\u00e1 un Parlamento Abierto para escuchar las voces de los sectores empresarial, sindical, acad\u00e9mico y trabajadores \u00a0La reforma constitucional que busca la\u00a0reducci\u00f3n de la jornada laboral en M\u00e9xico\u00a0podr\u00eda dar un nuevo paso en el terreno legislativo. La C\u00e1mara de Diputados discutir\u00eda la reforma que reduce la [&hellip;]<\/p>\n","protected":false},"author":1,"featured_media":19007,"comment_status":"open","ping_status":"closed","sticky":false,"template":"","format":"standard","meta":{"footnotes":""},"categories":[7],"tags":[],"class_list":["post-19005","post","type-post","status-publish","format-standard","has-post-thumbnail","hentry","category-nacional"],"_links":{"self":[{"href":"https:\/\/podernacional.com\/index.php?rest_route=\/wp\/v2\/posts\/19005","targetHints":{"allow":["GET"]}}],"collection":[{"href":"https:\/\/podernacional.com\/index.php?rest_route=\/wp\/v2\/posts"}],"about":[{"href":"https:\/\/podernacional.com\/index.php?rest_route=\/wp\/v2\/types\/post"}],"author":[{"embeddable":true,"href":"https:\/\/podernacional.com\/index.php?rest_route=\/wp\/v2\/users\/1"}],"replies":[{"embeddable":true,"href":"https:\/\/podernacional.com\/index.php?rest_route=%2Fwp%2Fv2%2Fcomments&post=19005"}],"version-history":[{"count":1,"href":"https:\/\/podernacional.com\/index.php?rest_route=\/wp\/v2\/posts\/19005\/revisions"}],"predecessor-version":[{"id":19006,"href":"https:\/\/podernacional.com\/index.php?rest_route=\/wp\/v2\/posts\/19005\/revisions\/19006"}],"wp:featuredmedia":[{"embeddable":true,"href":"https:\/\/podernacional.com\/index.php?rest_route=\/wp\/v2\/media\/19007"}],"wp:attachment":[{"href":"https:\/\/podernacional.com\/index.php?rest_route=%2Fwp%2Fv2%2Fmedia&parent=19005"}],"wp:term":[{"taxonomy":"category","embeddable":true,"href":"https:\/\/podernacional.com\/index.php?rest_route=%2Fwp%2Fv2%2Fcategories&post=19005"},{"taxonomy":"post_tag","embeddable":true,"href":"https:\/\/podernacional.com\/index.php?rest_route=%2Fwp%2Fv2%2Ftags&post=19005"}],"curies":[{"name":"wp","href":"https:\/\/api.w.org\/{rel}","templated":true}]}}