{"id":19041,"date":"2023-10-11T19:00:42","date_gmt":"2023-10-12T00:00:42","guid":{"rendered":"https:\/\/podernacional.com\/?p=19041"},"modified":"2023-10-12T00:00:56","modified_gmt":"2023-10-12T00:00:56","slug":"no-me-busques-mas-daniela-aranguiz-responde-con-todo-a-jorge-valdivia-y-arremete-en-contra-de-maite-orsini","status":"publish","type":"post","link":"https:\/\/podernacional.com\/?p=19041","title":{"rendered":"\u201cNo me busques m\u00e1s\u201d: Daniela Ar\u00e1nguiz responde con todo a Jorge Valdivia y arremete en contra de Maite Orsini"},"content":{"rendered":"<div class=\"container layout-section topMain\" data-bloque=\"2\">\n<div class=\"row\">\n<div class=\"col-sm-xl-12 layout-section wrap-bottom\">\n<h3 class=\"primary-font__PrimaryFontStyles-o56yd5-0 ctbcAa h4-primary sub-headline\" style=\"text-align: center;\">En \u201cZona de Estrellas\u201d, Daniela Ar\u00e1nguiz respondi\u00f3 furiosa a la historia de Jorge Valdivia y arremete nuevamente con Maite Orsini.<\/h3>\n<\/div>\n<\/div>\n<\/div>\n<div class=\"container layout-section\" data-bloque=\"3\">\n<div class=\"row\">\n<div class=\"col-sm-md-12 col-lg-xl-8 left-article-section ie-flex-100-percent-sm layout-section\">\n<p class=\"default__StyledText-xb1qmn-0 fTiOLK body-paragraph\">El pasado martes 10 de octubre se emiti\u00f3 una nueva edici\u00f3n de \u201cZona de Estrellas\u201d, donde\u00a0<b>Daniela Ar\u00e1nguiz<\/b><b>\u00a0respondi\u00f3 sin pelos en la lengua a<\/b><b>\u00a0Jorge Valdivia<\/b>\u00a0y arremeti\u00f3 duramente en contra de\u00a0Maite Orsini.<\/p>\n<p class=\"default__StyledText-xb1qmn-0 fTiOLK body-paragraph\">Recordemos que el futbolista respondi\u00f3 v\u00eda historias de Instagram a\u00a0<b>su exesposa despu\u00e9s que ella la llamara \u201ccornuda\u201d<\/b>\u00a0tras rumores de infidelidad.<\/p>\n<p class=\"default__StyledText-xb1qmn-0 fTiOLK body-paragraph\">\u201cSolo decir que no tengo nuevas conquistas y que Maite\u00a0<b>NO es cornuda<\/b>. Solo te pido que dejes tranquila a las personas que no pertenecen a tu mundo de chismes\u201d, dijo por redes sociales en una historia que despu\u00e9s elimin\u00f3.<\/p>\n<h2 class=\"heading__StyledHeading-sc-5jxglz-0 lcwNku\"><b>Daniela Ar\u00e1nguiz arremete contra de Maite Orsini y Jorge Valdivia<\/b><\/h2>\n<p class=\"default__StyledText-xb1qmn-0 fTiOLK body-paragraph\">Ahora, en el programa de \u201cZona de Estrellas\u201d, Daniela Ar\u00e1nguiz respondi\u00f3 muy enojada a las palabras de Jorge Valdivia.<\/p>\n<p class=\"default__StyledText-xb1qmn-0 fTiOLK body-paragraph\">\u201cA m\u00ed me da mucha risa que diga \u2018mundo de chismes, gente que no pertenece\u2019. Recuerda que\u00a0<b>estay hablando de una mujer que subi\u00f3 a un sexto piso para ir a buscar un mino que trabajaba en la tele<\/b>\u00a0junto con dos amigas. De qu\u00e9 estamos hablando? Se la llevaron presa por eso\u201d, comenz\u00f3.<\/p>\n<p class=\"default__StyledText-xb1qmn-0 fTiOLK body-paragraph\">\u201cEstamos hablando de<b>\u00a0una mujer que bailaba el ca\u00f1o en las discos, hac\u00eda show discotequero,<\/b>\u00a0\u00bfDe qu\u00e9 estay hablando que no es de este mundo? Por lo menos a m\u00ed me pagan, este es mi trabajo hablar, no como t\u00fa que escribes gratis\u201d, agreg\u00f3 Daniela Ar\u00e1nguiz sobre Maite Orsini.<\/p>\n<p class=\"default__StyledText-xb1qmn-0 fTiOLK body-paragraph\">\u201cY\u00a0<b>no me busques m\u00e1s<\/b>. Porque si yo hablo y me contestan voy a contar cosas, como ejemplo qu\u00e9 estabas haciendo cuando estabas detenido y la Maite te sac\u00f3\u201d, concluy\u00f3 su respuesta a Jorge Valdivia<\/p>\n<\/div>\n<\/div>\n<\/div>\n","protected":false},"excerpt":{"rendered":"<p>En \u201cZona de Estrellas\u201d, Daniela Ar\u00e1nguiz respondi\u00f3 furiosa a la historia de Jorge Valdivia y arremete nuevamente con Maite Orsini. El pasado martes 10 de octubre se emiti\u00f3 una nueva edici\u00f3n de \u201cZona de Estrellas\u201d, donde\u00a0Daniela Ar\u00e1nguiz\u00a0respondi\u00f3 sin pelos en la lengua a\u00a0Jorge Valdivia\u00a0y arremeti\u00f3 duramente en contra de\u00a0Maite Orsini. Recordemos que el futbolista respondi\u00f3 [&hellip;]<\/p>\n","protected":false},"author":1,"featured_media":19043,"comment_status":"open","ping_status":"closed","sticky":false,"template":"","format":"standard","meta":{"footnotes":""},"categories":[4],"tags":[],"class_list":["post-19041","post","type-post","status-publish","format-standard","has-post-thumbnail","hentry","category-espectaculos"],"_links":{"self":[{"href":"https:\/\/podernacional.com\/index.php?rest_route=\/wp\/v2\/posts\/19041","targetHints":{"allow":["GET"]}}],"collection":[{"href":"https:\/\/podernacional.com\/index.php?rest_route=\/wp\/v2\/posts"}],"about":[{"href":"https:\/\/podernacional.com\/index.php?rest_route=\/wp\/v2\/types\/post"}],"author":[{"embeddable":true,"href":"https:\/\/podernacional.com\/index.php?rest_route=\/wp\/v2\/users\/1"}],"replies":[{"embeddable":true,"href":"https:\/\/podernacional.com\/index.php?rest_route=%2Fwp%2Fv2%2Fcomments&post=19041"}],"version-history":[{"count":1,"href":"https:\/\/podernacional.com\/index.php?rest_route=\/wp\/v2\/posts\/19041\/revisions"}],"predecessor-version":[{"id":19042,"href":"https:\/\/podernacional.com\/index.php?rest_route=\/wp\/v2\/posts\/19041\/revisions\/19042"}],"wp:featuredmedia":[{"embeddable":true,"href":"https:\/\/podernacional.com\/index.php?rest_route=\/wp\/v2\/media\/19043"}],"wp:attachment":[{"href":"https:\/\/podernacional.com\/index.php?rest_route=%2Fwp%2Fv2%2Fmedia&parent=19041"}],"wp:term":[{"taxonomy":"category","embeddable":true,"href":"https:\/\/podernacional.com\/index.php?rest_route=%2Fwp%2Fv2%2Fcategories&post=19041"},{"taxonomy":"post_tag","embeddable":true,"href":"https:\/\/podernacional.com\/index.php?rest_route=%2Fwp%2Fv2%2Ftags&post=19041"}],"curies":[{"name":"wp","href":"https:\/\/api.w.org\/{rel}","templated":true}]}}