{"id":19119,"date":"2023-10-16T09:22:44","date_gmt":"2023-10-16T14:22:44","guid":{"rendered":"https:\/\/podernacional.com\/?p=19119"},"modified":"2023-10-17T14:26:14","modified_gmt":"2023-10-17T14:26:14","slug":"la-agenda-laboral-e-industrial-de-mexico-el-futuro-taller-de-america-i","status":"publish","type":"post","link":"https:\/\/podernacional.com\/?p=19119","title":{"rendered":"La agenda laboral e industrial de M\u00e9xico: El futuro taller de Am\u00e9rica (I)"},"content":{"rendered":"<div class=\"jsx-3315747106 \">\n<p>Nuestro pa\u00eds enfrenta un escenario id\u00f3neo para aprovechar su posici\u00f3n estrat\u00e9gica con miras a consolidarse como el \u201cgran taller de Am\u00e9rica\u201d. Esto requiere de una agenda econ\u00f3mica s\u00f3lida del pr\u00f3ximo gobierno para concretar este escenario favorable.<\/p>\n<\/div>\n<div class=\"jsx-1764542821 newsbody\">\n<div class=\"jsx-670345696 share fixed\">\n<div class=\"jsx-670345696 \"><\/div>\n<\/div>\n<div class=\"jsx-1764542821\">\n<div class=\"jsx-537108098\">\n<p class=\"jsx-3954459878\">En las d\u00e9cadas anteriores, M\u00e9xico se convirti\u00f3 en el \u201c<b>taller de Norteam\u00e9rica<\/b>\u201d. En el mundo actual lleno de acechanzas, pero condicionado por transiciones que vendr\u00e1n a transformarlo y generar\u00e1n oportunidades \u00fanicas, nuestro pa\u00eds podr\u00eda devenir en el \u201cgran taller de Am\u00e9rica\u201d. Por eso el dise\u00f1o y operaci\u00f3n de la\u00a0<b>agenda laboral e industrial<\/b>\u00a0del pr\u00f3ximo gobierno del pa\u00eds ser\u00e1 crucial.<\/p>\n<div id=\"espacio_teads\" class=\"jsx-537108098 adNewChild\"><\/div>\n<p class=\"jsx-3954459878\">La 4T inici\u00f3 el cambio del mundo del trabajo en estos a\u00f1os. Ante la eventualidad de que este movimiento contin\u00fae en el gobierno,\u00a0<b>Claudia Sheinbaum<\/b>\u00a0podr\u00eda tener en sus manos decisiones cr\u00edticas que hagan la diferencia para que se concreten o no posibilidades como las que pasaremos a enunciar.<\/p>\n<p class=\"jsx-3954459878\">\u00bfC\u00f3mo lograr el \u201cgran taller de Am\u00e9rica\u201d? Tal como se est\u00e1 empezando a hacer. Estamos en\u00a0<b>una coyuntura cr\u00edtica\u00a0<\/b>de la historia humana, cuya magnitud de riesgos s\u00f3lo es emparejada por las oportunidades extraordinarias que se aparejan. Ellas nacen de un mundo convulso e incierto asolado por la guerra, las disputas comerciales, las geopol\u00edticas del poder, los nacionalismos, las luchas por el liderazgo global, las di\u00e1sporas y migraciones humanas imparables y la\u00a0<b>nueva normalidad de la pospandemia<\/b>: un conjunto de complejidades que ha venido a romper el orden global, las cadenas de proveedur\u00eda transcontinentales y las nociones de un mundo sin fronteras.<\/p>\n<p class=\"jsx-3954459878\">Se trata de un mundo en el que, sensu contrario, cobra impulso el valor del regreso a casa, las fronteras seguras, los amigos cercanos, la familia extendida, los vecinos asociados, la proveedur\u00eda y recursos propios, y \u2013en suma\u2014 el\u00a0<b>valor de edificar lo regional<\/b>. Es decir, el valor de tener una gran casa que \u2013ahora m\u00e1s que nunca\u2013 se debe fortalecer desde y hacia dentro.<\/p>\n<p class=\"jsx-3954459878\">Esto es lo que ha dado en llamarse\u00a0<b><i>nearshoring<\/i><\/b>. Un fen\u00f3meno que est\u00e1 trayendo inversiones a M\u00e9xico y que \u2013en el futuro mediato podr\u00e1 traer muchas m\u00e1s\u2013. O, al menos, capitales en cantidades y recursos que abrir\u00e1n avenidas insospechadas para el pa\u00eds.<\/p>\n<p class=\"jsx-3954459878\">\u00bfPor qu\u00e9 M\u00e9xico? Porque\u00a0<b>el pa\u00eds destaca<\/b>\u00a0\u2013y podr\u00e1 hacerlo a\u00fan m\u00e1s\u2013 por su larga tradici\u00f3n pacifista y su cultura hospitalaria; su extensa frontera con Estados Unidos, su amplia red de tratados comerciales y de inversi\u00f3n con cada divisi\u00f3n mayor del mundo; su tratado de tercera generaci\u00f3n con Norteam\u00e9rica \u2013con\u00a0<b>derechos humanos laborales<\/b>\u00a0vinculantes\u2013; su experiencia industrial centenaria, su amplia red log\u00edstica para la exportaci\u00f3n y su extensa gama de recursos naturales, incluyendo recursos escasos para la transici\u00f3n, como el litio y las energ\u00edas solar, e\u00f3lica e h\u00eddrica, dentro de otros.<\/p>\n<p class=\"jsx-3954459878\">Por si fuera poco, M\u00e9xico posee\u00a0<b>una clase trabajadora<\/b>\u00a0talentosa, joven y masiva, reconocida internacionalmente por su disposici\u00f3n al trabajo duro, el deseo de aprender y el esp\u00edritu para comprometerse con lo bien hecho.<\/p>\n<p class=\"jsx-3954459878\">De ah\u00ed que la administraci\u00f3n siguiente estar\u00e1 en posici\u00f3n de proponer y comprometer lo que sus antecesores no imaginaron siquiera:<\/p>\n<p class=\"jsx-3954459878\"><b>\u00bb<\/b>\u00a0<b>Mover a M\u00e9xico hacia escenarios<\/b>\u00a0donde no cabr\u00e1 m\u00e1s el trabajo barato ni descalificado; como tampoco la presencia de leyes que no se aplican e instituciones endebles.<\/p>\n<p class=\"jsx-3954459878\">Se necesitar\u00e1 un mensaje contundente en el sentido de que M\u00e9xico ahondar\u00e1 en los derechos de los trabajadores, al igual que en su organizaci\u00f3n y negociaci\u00f3n colectiva libres. Una naci\u00f3n en camino de hacer realidad la mejora continua del\u00a0<b>trabajo decente y la calidad de vida<\/b>, tanto como el incremento sistem\u00e1tico de los salarios m\u00ednimos y contractuales. Todo ello soportado por una pol\u00edtica decidida de fortalecimiento de las instituciones, la educaci\u00f3n dual \u2013profesional, t\u00e9cnica y para el trabajo\u2013, una pol\u00edtica de Estado para la transici\u00f3n, tanto como para el imperio de la ley, y la vigencia del Estado de Derecho.<\/p>\n<p class=\"jsx-3954459878\"><b>\u00bb\u00a0<\/b><b>Establecer el compromiso decidido<\/b>\u00a0de hacer de M\u00e9xico un actor central en la gran transici\u00f3n laboral e industrial contempor\u00e1nea. Esto es en la triple transici\u00f3n hacia energ\u00edas limpias, movilidades sustentables y sociedades fundadas en el respeto de los derechos humanos laborales y la justicia clim\u00e1tica. La econom\u00eda verde y circular, y los empleos verdes e inteligentes deber\u00e1n estar en la base de los programas sectoriales de trabajo e industria del gobierno por venir.<\/p>\n<p class=\"jsx-3954459878\">En todos estos temas\u00a0<b>Claudia Sheinbaum<\/b>\u00a0tendr\u00e1 la ventaja de su\u00a0<i>expertise<\/i>\u00a0en cambio clim\u00e1tico, medio ambiente, energ\u00eda y movilidades sustentables.<\/p>\n<p class=\"jsx-3954459878\">Por estos caminos, el pa\u00eds podr\u00e1 ser parte del selecto grupo de naciones emergentes que podr\u00e1n superar la trampa del ingreso medio (<b>TIM<\/b>*) en la que ahora se encuentra (ascendiendo al estadio de ingreso alto).<\/p>\n<p class=\"jsx-3954459878\">*<b>TIM<\/b>\u00a0se refiere al estadio de naciones que ni logran despegarse en definitiva de la masa de naciones de ingresos bajos \u2013apresadas en sectores r\u00fasticos primario-industriales, exportaciones comotizadas y bajos salarios-\u2013 ni logran ingresar al nivel de naciones desarrolladas, de tecnolog\u00edas y art\u00edculos de punta, cuidado ambiental, altos ingresos y calidad de vida.<\/p>\n<p class=\"jsx-3954459878\"><i>*El autor coordina la Red Innovaci\u00f3n y Trabajo en la Industria Automotriz Mexicana (RedItiam) y el Grupo Interdisciplinario de Transporte El\u00e9ctrico y Movilidades Avanzadas (TEAMs). Es miembro del TinkTank para el Transporte El\u00e9ctrico Estados Unidos-M\u00e9xico de la Alianza MX de la Universidad de California y la SER.<\/i><\/p>\n<\/div>\n<\/div>\n<\/div>\n","protected":false},"excerpt":{"rendered":"<p>Nuestro pa\u00eds enfrenta un escenario id\u00f3neo para aprovechar su posici\u00f3n estrat\u00e9gica con miras a consolidarse como el \u201cgran taller de Am\u00e9rica\u201d. Esto requiere de una agenda econ\u00f3mica s\u00f3lida del pr\u00f3ximo gobierno para concretar este escenario favorable. En las d\u00e9cadas anteriores, M\u00e9xico se convirti\u00f3 en el \u201ctaller de Norteam\u00e9rica\u201d. En el mundo actual lleno de acechanzas, [&hellip;]<\/p>\n","protected":false},"author":1,"featured_media":19121,"comment_status":"open","ping_status":"closed","sticky":false,"template":"","format":"standard","meta":{"footnotes":""},"categories":[7],"tags":[],"class_list":["post-19119","post","type-post","status-publish","format-standard","has-post-thumbnail","hentry","category-nacional"],"_links":{"self":[{"href":"https:\/\/podernacional.com\/index.php?rest_route=\/wp\/v2\/posts\/19119","targetHints":{"allow":["GET"]}}],"collection":[{"href":"https:\/\/podernacional.com\/index.php?rest_route=\/wp\/v2\/posts"}],"about":[{"href":"https:\/\/podernacional.com\/index.php?rest_route=\/wp\/v2\/types\/post"}],"author":[{"embeddable":true,"href":"https:\/\/podernacional.com\/index.php?rest_route=\/wp\/v2\/users\/1"}],"replies":[{"embeddable":true,"href":"https:\/\/podernacional.com\/index.php?rest_route=%2Fwp%2Fv2%2Fcomments&post=19119"}],"version-history":[{"count":1,"href":"https:\/\/podernacional.com\/index.php?rest_route=\/wp\/v2\/posts\/19119\/revisions"}],"predecessor-version":[{"id":19120,"href":"https:\/\/podernacional.com\/index.php?rest_route=\/wp\/v2\/posts\/19119\/revisions\/19120"}],"wp:featuredmedia":[{"embeddable":true,"href":"https:\/\/podernacional.com\/index.php?rest_route=\/wp\/v2\/media\/19121"}],"wp:attachment":[{"href":"https:\/\/podernacional.com\/index.php?rest_route=%2Fwp%2Fv2%2Fmedia&parent=19119"}],"wp:term":[{"taxonomy":"category","embeddable":true,"href":"https:\/\/podernacional.com\/index.php?rest_route=%2Fwp%2Fv2%2Fcategories&post=19119"},{"taxonomy":"post_tag","embeddable":true,"href":"https:\/\/podernacional.com\/index.php?rest_route=%2Fwp%2Fv2%2Ftags&post=19119"}],"curies":[{"name":"wp","href":"https:\/\/api.w.org\/{rel}","templated":true}]}}