{"id":1913,"date":"2020-11-11T23:17:29","date_gmt":"2020-11-11T23:17:29","guid":{"rendered":"http:\/\/whatsappcancun.com\/?p=1913"},"modified":"2020-11-11T23:17:29","modified_gmt":"2020-11-11T23:17:29","slug":"son-12-nuevos-contagios-y-dos-decesos-por-covid-19-en-un-dia","status":"publish","type":"post","link":"https:\/\/podernacional.com\/?p=1913","title":{"rendered":"Son 12 nuevos contagios y dos decesos por Covid-19 en un d\u00eda"},"content":{"rendered":"\n<p>Suman 12 nuevos contagios y dos decesos por&nbsp;<a href=\"https:\/\/es.wikipedia.org\/wiki\/SARS-CoV-2\">SARS-Cov-2<\/a>&nbsp;en las \u00faltimas 24 horas, de acuerdo al reporte que emite la Secretar\u00eda de Salud de Quintana Roo, al precisar que el acumulado alcanza los 13 mil 775 caso positivos y mil 864 fallecimientos.<\/p>\n\n\n\n<p>Los casos positivos registrados este mi\u00e9rcoles fueron siete en Canc\u00fan, cuatro en Bacalar y uno en Chetumal, en tanto que los decesos ocurrieron uno en Canc\u00fan y otro en Felipe Carrillo Puerto.<\/p>\n\n\n\n<p>La dependencia, que preside Alejandra Aguirre Crespo, inform\u00f3 que 384 personas con el virus est\u00e1n en aislamiento social, 57 menos que el d\u00eda anterior; en tanto que 168 pacientes se encuentran internados en alguno de los hospitales reconvertidos para atenci\u00f3n al Covid-19, cinco pacientes menos que este martes.<\/p>\n\n\n\n<p>El acumulado de personas recuperadas a la fecha es de 11 mil 359 personas, asimismo han dado negativo a la prueba 11 mil 352 y est\u00e1n en estudio 467 pruebas a Covid-19.<\/p>\n\n\n\n<p>La Sesa indica que la velocidad de crecimiento de casos para la zona norte es de 0.23 y la zona sur de 0.18.<br>La ocupaci\u00f3n hospitalaria es del 19% en Playa del Carmen, 18% en Cozumel, 13% en Canc\u00fan, del 11% en Chetumal y Felipe Carrillo Puerto y del 2% en Tulum.<\/p>\n\n\n\n<h2 class=\"wp-block-heading\">Los casos positivos fueron en Canc\u00fan, Bacalar y Chetumal<\/h2>\n\n\n\n<p>Canc\u00fan contin\u00faa a la cabeza en cuanto al n\u00famero de contagios acumulados con un total de 6 mil 425, en tanto que suma mil 183 decesos; seguida por la ciudad de Chetumal con un total de 3 mil 559 casos acumulados y 212 fallecimientos; en tanto que Playa del Carmen registra a la fecha un total de mil 690 contagios y 205 personas que han perdido la batalla ante el virus.<\/p>\n","protected":false},"excerpt":{"rendered":"<p>Suman 12 nuevos contagios y dos decesos por&nbsp;SARS-Cov-2&nbsp;en las \u00faltimas 24 horas, de acuerdo al reporte que emite la Secretar\u00eda de Salud de Quintana Roo, al precisar que el acumulado alcanza los 13 mil 775 caso positivos y mil 864 fallecimientos. Los casos positivos registrados este mi\u00e9rcoles fueron siete en Canc\u00fan, cuatro en Bacalar y [&hellip;]<\/p>\n","protected":false},"author":1,"featured_media":1914,"comment_status":"open","ping_status":"open","sticky":false,"template":"","format":"standard","meta":{"footnotes":""},"categories":[6],"tags":[],"class_list":["post-1913","post","type-post","status-publish","format-standard","has-post-thumbnail","hentry","category-local"],"_links":{"self":[{"href":"https:\/\/podernacional.com\/index.php?rest_route=\/wp\/v2\/posts\/1913","targetHints":{"allow":["GET"]}}],"collection":[{"href":"https:\/\/podernacional.com\/index.php?rest_route=\/wp\/v2\/posts"}],"about":[{"href":"https:\/\/podernacional.com\/index.php?rest_route=\/wp\/v2\/types\/post"}],"author":[{"embeddable":true,"href":"https:\/\/podernacional.com\/index.php?rest_route=\/wp\/v2\/users\/1"}],"replies":[{"embeddable":true,"href":"https:\/\/podernacional.com\/index.php?rest_route=%2Fwp%2Fv2%2Fcomments&post=1913"}],"version-history":[{"count":0,"href":"https:\/\/podernacional.com\/index.php?rest_route=\/wp\/v2\/posts\/1913\/revisions"}],"wp:featuredmedia":[{"embeddable":true,"href":"https:\/\/podernacional.com\/index.php?rest_route=\/wp\/v2\/media\/1914"}],"wp:attachment":[{"href":"https:\/\/podernacional.com\/index.php?rest_route=%2Fwp%2Fv2%2Fmedia&parent=1913"}],"wp:term":[{"taxonomy":"category","embeddable":true,"href":"https:\/\/podernacional.com\/index.php?rest_route=%2Fwp%2Fv2%2Fcategories&post=1913"},{"taxonomy":"post_tag","embeddable":true,"href":"https:\/\/podernacional.com\/index.php?rest_route=%2Fwp%2Fv2%2Ftags&post=1913"}],"curies":[{"name":"wp","href":"https:\/\/api.w.org\/{rel}","templated":true}]}}