{"id":19137,"date":"2023-10-17T09:54:30","date_gmt":"2023-10-17T14:54:30","guid":{"rendered":"https:\/\/podernacional.com\/?p=19137"},"modified":"2023-10-17T14:54:39","modified_gmt":"2023-10-17T14:54:39","slug":"el-padre-chucho-aclaro-si-realmente-tuvo-una-relacion-con-jessica-cediel-a-mi-me-ven-con-mi-hermana-y-ella-es-mi-amante","status":"publish","type":"post","link":"https:\/\/podernacional.com\/?p=19137","title":{"rendered":"El padre Chucho aclar\u00f3 si realmente tuvo una relaci\u00f3n con Jessica Cediel: \u201cA m\u00ed me ven con mi hermana y ella es mi amante\u201d"},"content":{"rendered":"<h4 class=\"article-subheadline left \" style=\"text-align: center;\">En una entrevista con el programa \u2018Se dice de m\u00ed&#8217;, de Caracol Televisi\u00f3n, el sacerdote cont\u00f3 detalles de su vida y de este suceso, del cual se ha especulado mucho<\/h4>\n<div class=\"byline\">\n<p class=\"paragraph\" data-mrf-recirculation=\"Links inline\">El sacerdote Jes\u00fas Hern\u00e1n Orjuela, mejor conocido como el \u2018p<b>adre Chucho\u2019<\/b>, es una de las\u00a0<b>personalidades religiosas<\/b>\u00a0m\u00e1s medi\u00e1ticas de los \u00faltimos a\u00f1os en nuestro pa\u00eds.<\/p>\n<p class=\"paragraph\" data-mrf-recirculation=\"Links inline\">El cl\u00e9rigo perteneciente a la iglesia Cat\u00f3lica se ha robado la atenci\u00f3n de los creyentes por su fe y el acercamiento que siempre ha tenido con la gente, a trav\u00e9s de muchos mensajes que los llenan de esperanza y sanaci\u00f3n.<\/p>\n<p class=\"paragraph\" data-mrf-recirculation=\"Links inline\">El religioso colombiano, que tambi\u00e9n fue una celebridad en la televisi\u00f3n nacional, ahora est\u00e1 dedicado a sus feligreses, a su parroquia y a diversas iniciativas, como la realizaci\u00f3n de excursiones a Tierra Santa, en una de las cuales, en los \u00faltimos d\u00edas, qued\u00f3 atrapado con algunos de sus seguidores en medio de la guerra entre el estado Israel\u00ed y los terroristas de Hamas.<\/p>\n<p class=\"paragraph\" data-mrf-recirculation=\"Links inline\">Asegura el sacerdote que todos\u00a0<b>los contenidos y proyectos siempre est\u00e1n enfocados en los creyentes<\/b>, pero con una visi\u00f3n hacia Dios, motor de toda su labor espiritual.<\/p>\n<p class=\"paragraph\" data-mrf-recirculation=\"Links inline\">No obstante, y al margen de su labor como religioso, el padre Chucho estuvo envuelto en varias pol\u00e9micas en los diferentes medios de comunicaci\u00f3n nacional y en las redes sociales, que est\u00e1n directamente ligadas con su vida personal.<\/p>\n<p class=\"paragraph\" data-mrf-recirculation=\"Links inline\">Por ese motivo el sacerdote ha salido a aclarar en diversas oportunidades<b>\u00a0los chismes<\/b>\u00a0y especulaciones que, afirma, se hacen de manera malintencionada, como el que lo involucr\u00f3 en una<b>\u00a0relaci\u00f3n sentimental con la presentadora Jessica Cediel<\/b>.<\/p>\n<p class=\"paragraph\" data-mrf-recirculation=\"Links inline\">De acuerdo con este tema el sacerdote quiso hablar sobre los<b>\u00a0comentarios\u00a0<\/b>que se tomaron las redes sociales y que tambi\u00e9n era tema de\u00a0<b>especulaciones<\/b>\u00a0en las calles por parte de sus seguidores, en los que\u00a0<b>lo vinculaban con la tambi\u00e9n modelo<\/b>.<\/p>\n<p class=\"paragraph\" data-mrf-recirculation=\"Links inline\">Seg\u00fan las declaraciones que dio el servidor de la iglesia cat\u00f3lica en las que asegur\u00f3 que en varios momentos de su carrera religiosa ha tenido que enfrentar diversos momentos inc\u00f3modos y sorprendentes, de personas que lo se\u00f1alaban y lo juzgaban sin tener ninguna raz\u00f3n en particular. En la entrevista resalt\u00f3 que tuvo que lidiar con un\u00a0<b>comentario malintencionado<\/b>\u00a0en el que se afirmaba que\u00a0<b>\u00e9l era padre de un supuesto hijo de Jessica Cediel<\/b>.<\/p>\n<p class=\"paragraph\" data-mrf-recirculation=\"Links inline\">\u201cJessica Cediel es una mujer muy buena, que quiero con todo mi coraz\u00f3n. En su momento, en sus relaciones yo me acercaba y compart\u00eda con ella, pero por todas partes me dec\u00edan:\u00a0<b>\u2018Usted dizque tuvo un hijo con Jessica Cediel<\/b>\u2019\u201d, se\u00f1al\u00f3 el sacerdote.<\/p>\n<p class=\"paragraph\" data-mrf-recirculation=\"Links inline\">Del mismo modo,\u00a0<b>se refiri\u00f3 a Pipe Bueno<\/b>\u00a0evocando su cercan\u00eda con la pareja cuando el cantante de m\u00fasica popular sosten\u00eda una\u00a0<b>relaci\u00f3n sentimental<\/b>\u00a0con la modelo y presentadora. En ese momento qued\u00f3\u00a0<b>derrumbada toda especulaci\u00f3n<\/b>\u00a0en la que resultaba involucrado con un supuesto amor\u00edo con la bogotana.<\/p>\n<p class=\"paragraph\" data-mrf-recirculation=\"Links inline\">As\u00ed mismo, el padre Chucho habl\u00f3 sobre otros rumores que estuvieron relacionados con su vida privada y de los que fue objeto de muchas noticias falsas generadas por terceras personas. All\u00ed asegur\u00f3 que siempre que lo ve\u00edan con alguna persona, de inmediato<b>\u00a0le creaban un chisme\u00a0<\/b>con alg\u00fan enfoque sentimental.<\/p>\n<p class=\"paragraph\" data-mrf-recirculation=\"Links inline\">\u201c<b>A m\u00ed me ven con mi hermana y ella es mi amante<\/b>. Si me ven con mi hermano es mi amante\u201d, coment\u00f3, recordando con gracia lo que sus familiares escucharon sobre \u00e9l en p\u00fablico.<\/p>\n<p class=\"paragraph\" data-mrf-recirculation=\"Links inline\">Con respecto a este tema, la sobrina del padre, Daniela Barbosa Orjuela, le cont\u00f3 al mismo medio que hab\u00eda escuchado a varias personas que afirmaban que su t\u00edo ten\u00eda hijos y que exist\u00edan pruebas de esa afirmaci\u00f3n: \u201cHe ido caminando y escucho que dicen:\u00a0<b>\u00bfS\u00ed vio que el padre Chucho tiene hijos?<\/b>, tengo pruebas y todo. Yo me quedo callada porque la verdad siempre va a relucir\u201d.<\/p>\n<p class=\"paragraph\" data-mrf-recirculation=\"Links inline\">Ante esto el sacerdote tambi\u00e9n enfatiz\u00f3 que existen en su vida\u00a0<b>dos mujeres que se han robado todo su amor<\/b>\u00a0y su respeto. Ellas son su mam\u00e1 y su sobrina nieta, Mar\u00eda Jos\u00e9.<\/p>\n<p class=\"paragraph\" data-mrf-recirculation=\"Links inline\">\u201c<b>Dios me regal\u00f3 a mi una princesa que es la hija de mi sobrina mayor<\/b>. La nieta de mi hermano y mi cu\u00f1ada. Es mi nietecita Mar\u00eda Jos\u00e9. Ella es la que alegra mi vida y me da la estabilidad de poder manejar todos esos sentimientos y no ser solo y amargado\u201d, cont\u00f3 Orjuela.<\/p>\n<p class=\"paragraph\" data-mrf-recirculation=\"Links inline\">Y agreg\u00f3 que: \u201c<b>Es un amor incre\u00edble e infinito<\/b>. Mar\u00eda Jos\u00e9 a veces lo prefiere a \u00e9l que a m\u00ed\u201d, dijo Daniela Barbosa, asegurando que el v\u00ednculo con su t\u00edo era muy grande, lleno de ternura y respeto.<\/p>\n<\/div>\n","protected":false},"excerpt":{"rendered":"<p>En una entrevista con el programa \u2018Se dice de m\u00ed&#8217;, de Caracol Televisi\u00f3n, el sacerdote cont\u00f3 detalles de su vida y de este suceso, del cual se ha especulado mucho El sacerdote Jes\u00fas Hern\u00e1n Orjuela, mejor conocido como el \u2018padre Chucho\u2019, es una de las\u00a0personalidades religiosas\u00a0m\u00e1s medi\u00e1ticas de los \u00faltimos a\u00f1os en nuestro pa\u00eds. El [&hellip;]<\/p>\n","protected":false},"author":1,"featured_media":19139,"comment_status":"open","ping_status":"closed","sticky":false,"template":"","format":"standard","meta":{"footnotes":""},"categories":[4],"tags":[],"class_list":["post-19137","post","type-post","status-publish","format-standard","has-post-thumbnail","hentry","category-espectaculos"],"_links":{"self":[{"href":"https:\/\/podernacional.com\/index.php?rest_route=\/wp\/v2\/posts\/19137","targetHints":{"allow":["GET"]}}],"collection":[{"href":"https:\/\/podernacional.com\/index.php?rest_route=\/wp\/v2\/posts"}],"about":[{"href":"https:\/\/podernacional.com\/index.php?rest_route=\/wp\/v2\/types\/post"}],"author":[{"embeddable":true,"href":"https:\/\/podernacional.com\/index.php?rest_route=\/wp\/v2\/users\/1"}],"replies":[{"embeddable":true,"href":"https:\/\/podernacional.com\/index.php?rest_route=%2Fwp%2Fv2%2Fcomments&post=19137"}],"version-history":[{"count":1,"href":"https:\/\/podernacional.com\/index.php?rest_route=\/wp\/v2\/posts\/19137\/revisions"}],"predecessor-version":[{"id":19138,"href":"https:\/\/podernacional.com\/index.php?rest_route=\/wp\/v2\/posts\/19137\/revisions\/19138"}],"wp:featuredmedia":[{"embeddable":true,"href":"https:\/\/podernacional.com\/index.php?rest_route=\/wp\/v2\/media\/19139"}],"wp:attachment":[{"href":"https:\/\/podernacional.com\/index.php?rest_route=%2Fwp%2Fv2%2Fmedia&parent=19137"}],"wp:term":[{"taxonomy":"category","embeddable":true,"href":"https:\/\/podernacional.com\/index.php?rest_route=%2Fwp%2Fv2%2Fcategories&post=19137"},{"taxonomy":"post_tag","embeddable":true,"href":"https:\/\/podernacional.com\/index.php?rest_route=%2Fwp%2Fv2%2Ftags&post=19137"}],"curies":[{"name":"wp","href":"https:\/\/api.w.org\/{rel}","templated":true}]}}