{"id":1919,"date":"2020-11-11T23:24:14","date_gmt":"2020-11-11T23:24:14","guid":{"rendered":"http:\/\/whatsappcancun.com\/?p=1919"},"modified":"2020-11-11T23:24:14","modified_gmt":"2020-11-11T23:24:14","slug":"amlo-reconoce-acciones-tras-represion-de-manifestacion-en-cancun","status":"publish","type":"post","link":"https:\/\/podernacional.com\/?p=1919","title":{"rendered":"AMLO reconoce acciones tras represi\u00f3n de manifestaci\u00f3n en Canc\u00fan"},"content":{"rendered":"\n<p>AMLO reconoce acciones tras represi\u00f3n de manifestaci\u00f3n en Canc\u00fan. El presidente aplaudi\u00f3 que el gobernador de Quintana Roo, Carlos Joaqu\u00edn Gonz\u00e1lez, haya destituido a mandos de seguridad.<\/p>\n\n\n\n<blockquote class=\"wp-block-quote is-layout-flow wp-block-quote-is-layout-flow\"><p>\u201cCelebro que haya actuado de esa manera el gobernador, que no haya habido tolerancia, encubrimiento, complicidad, que haya deslindado responsabilidad y que se investigue. Me pareci\u00f3 bien y nunca m\u00e1s la represi\u00f3n, que se garantice el derecho a la manifestaci\u00f3n\u201d, dijo.<\/p><\/blockquote>\n\n\n\n<blockquote class=\"wp-block-quote is-layout-flow wp-block-quote-is-layout-flow\"><p>\u201cLa \u00fanica cosa es que no haya violencia, se puede protestar con el m\u00e9todo de la no violencia, la v\u00eda pac\u00edfica da resultados\u201d, agreg\u00f3.<\/p><\/blockquote>\n\n\n\n<p>Ayer, Carlos Joaqu\u00edn inform\u00f3 que acept\u00f3 la renuncia del Secretario de Seguridad, Alberto Capella.<\/p>\n\n\n\n<p>Adem\u00e1s, renunci\u00f3 el jefe de la Polic\u00eda del municipio de Benito Ju\u00e1rez, Eduardo Santamar\u00eda.<\/p>\n\n\n\n<h2 class=\"wp-block-heading\">AMLO reconoce acciones tras represi\u00f3n de manifestaci\u00f3n en Canc\u00fan; Capella dice que ya hay avances del caso<\/h2>\n\n\n\n<p>En este sentido, Alberto Capella, quien dej\u00f3 su cargo mientras se llevan a cabo las indagatorias por la agresi\u00f3n a balazos de polic\u00edas contra manifestantes en el Palacio Municipal de Canc\u00fan, adelant\u00f3 que ya hay avances en las investigaciones del caso.<\/p>\n\n\n\n<p>Explic\u00f3 que \u00e9l no estaba en el estado en el momento de los incidentes, y que se encontraba en Tijuana atendiendo una emergencia familiar, pero que gir\u00f3 \u00f3rdenes a los mandos policiales para que en todo momento se respetara el derecho a la libre manifestaci\u00f3n de quienes exig\u00edan justicia para Alexis.<\/p>\n\n\n\n<p>Dijo que el ex jefe de la Polic\u00eda Municipal, Eduardo Santamar\u00eda (tambi\u00e9n separado de su cargo), debe asumir su responsabilidad en los operativos, ya que a pesar de que hizo un buen trabajo en las protestas que se registraron en la Fiscal\u00eda y otros siete puntos, fall\u00f3 en su log\u00edstica en Palacio.<\/p>\n","protected":false},"excerpt":{"rendered":"<p>AMLO reconoce acciones tras represi\u00f3n de manifestaci\u00f3n en Canc\u00fan. El presidente aplaudi\u00f3 que el gobernador de Quintana Roo, Carlos Joaqu\u00edn Gonz\u00e1lez, haya destituido a mandos de seguridad. \u201cCelebro que haya actuado de esa manera el gobernador, que no haya habido tolerancia, encubrimiento, complicidad, que haya deslindado responsabilidad y que se investigue. Me pareci\u00f3 bien y [&hellip;]<\/p>\n","protected":false},"author":1,"featured_media":1920,"comment_status":"open","ping_status":"open","sticky":false,"template":"","format":"standard","meta":{"footnotes":""},"categories":[9],"tags":[],"class_list":["post-1919","post","type-post","status-publish","format-standard","has-post-thumbnail","hentry","category-politica"],"_links":{"self":[{"href":"https:\/\/podernacional.com\/index.php?rest_route=\/wp\/v2\/posts\/1919","targetHints":{"allow":["GET"]}}],"collection":[{"href":"https:\/\/podernacional.com\/index.php?rest_route=\/wp\/v2\/posts"}],"about":[{"href":"https:\/\/podernacional.com\/index.php?rest_route=\/wp\/v2\/types\/post"}],"author":[{"embeddable":true,"href":"https:\/\/podernacional.com\/index.php?rest_route=\/wp\/v2\/users\/1"}],"replies":[{"embeddable":true,"href":"https:\/\/podernacional.com\/index.php?rest_route=%2Fwp%2Fv2%2Fcomments&post=1919"}],"version-history":[{"count":0,"href":"https:\/\/podernacional.com\/index.php?rest_route=\/wp\/v2\/posts\/1919\/revisions"}],"wp:featuredmedia":[{"embeddable":true,"href":"https:\/\/podernacional.com\/index.php?rest_route=\/wp\/v2\/media\/1920"}],"wp:attachment":[{"href":"https:\/\/podernacional.com\/index.php?rest_route=%2Fwp%2Fv2%2Fmedia&parent=1919"}],"wp:term":[{"taxonomy":"category","embeddable":true,"href":"https:\/\/podernacional.com\/index.php?rest_route=%2Fwp%2Fv2%2Fcategories&post=1919"},{"taxonomy":"post_tag","embeddable":true,"href":"https:\/\/podernacional.com\/index.php?rest_route=%2Fwp%2Fv2%2Ftags&post=1919"}],"curies":[{"name":"wp","href":"https:\/\/api.w.org\/{rel}","templated":true}]}}