{"id":19203,"date":"2023-10-23T14:43:13","date_gmt":"2023-10-23T19:43:13","guid":{"rendered":"https:\/\/podernacional.com\/?p=19203"},"modified":"2023-10-23T19:43:25","modified_gmt":"2023-10-23T19:43:25","slug":"daniel-bisogno-aclara-los-rumores-sobre-su-estado-de-salud","status":"publish","type":"post","link":"https:\/\/podernacional.com\/?p=19203","title":{"rendered":"Daniel Bisogno aclara los rumores sobre su estado de salud"},"content":{"rendered":"<p><strong>El conductor de Ventaneando se tomar\u00e1 unas vacaciones mientras se recupera..<\/strong>.<\/p>\n<p>Delante de tantos rumores y chismes sobre su estado de salud, por medio de sus redes sociales,\u00a0<strong>Daniel Bisogno\u00a0<\/strong>mostr\u00f3 su enojo contra los usuarios que aseguraron que estaba en terapia intensiva.<\/p>\n<p>El amado conductor de \u00abVentaneando\u00bb neg\u00f3 las alegaciones y pidi\u00f3 respeto a los medios, por la desinformaci\u00f3n:<\/p>\n<p>\u00abA verculeyes queridos. Todo tiene un l\u00edmite y sobrepasado a un punto muy peligroso y no se est\u00e1 tomando con la conciencia de las consecuencias que podr\u00edan traer, varios medios sicarios han retomado de otros medios sicarios y dando por verdad cosas terribles con respecto a mi salud\u00bb, dijo.<\/p>\n<p>\u00abDe verdad les interesa tanto mi bienestar, porque yo le llamo a muchos de estos buitres del chisme y la desinformaci\u00f3n, llevan a\u00f1os atosig\u00e1ndome con cosas que los pueden llevar a la c\u00e1rcel con mucha facilidad. Si gustan lo echamos adelante\u00bb, amenaz\u00f3.<\/p>\n<p>Bisogno revel\u00f3 por qu\u00e9 estaba hospitalizado: \u201cDecidieron los doctores que era mejor retirar la ves\u00edcula para que todo estuviera bien. Y eso fue exactamente lo que pas\u00f3, combinado con las vacaciones que voy a tomar. Les suplico no inventar m\u00e1s patra\u00f1as, los quiero culeyes, cualquier duda extra ya saben que en Ventaneando\u201d.<\/p>\n<h2 class=\"wp-block-heading\"><strong>\u2018Me sent\u00eda mal y no sab\u00eda por qu\u00e9\u2019<\/strong><\/h2>\n<p>Pati Chapoy entrevist\u00f3 a su gran amigo y colega de \u00abVentaneando\u00bb Daniel Bisogno, despu\u00e9s que \u00e9l recibi\u00f3 alta hospitalar tras ser intervenido quir\u00fargicamente por una hemorragia interna en el sistema digestivo.<\/p>\n<p>El \u2018Mu\u00f1eco\u2019 se sent\u00f3 con su jefa y se sincer\u00f3 sobre la terrible emergencia m\u00e9dica que enfrent\u00f3 en d\u00edas pasados, con ella diciendo que casi se va al piso de tanto miedo y preocupaci\u00f3n por \u00e9l.<\/p>\n<p>De acuerdo con el diario \u00abVanguardia\u00bb, que recab\u00f3 la informaci\u00f3n, \u00abdesde d\u00edas antes a su hospitalizaci\u00f3n, Daniel se sent\u00eda mal y no sab\u00eda por qu\u00e9. Entre los an\u00e1lisis que se realiz\u00f3, el conductor inclu\u00eda una prueba de VIH, la cual result\u00f3 positiva y adem\u00e1s de pegarle emocionalmente le peg\u00f3 en su salud\u00bb, se\u00f1ala la publicaci\u00f3n.<\/p>\n<p>Con esos resultados, Bisogno acudi\u00f3 a un m\u00e9dico, el cual le cuestion\u00f3 el lugar en donde se hab\u00eda hecho los estudios, por lo que decidi\u00f3 hac\u00e9rselos en una cl\u00ednica que los enviar\u00eda a Estados Unidos para ser analizados con la mejor tecnolog\u00eda.<\/p>\n<p>A la par de esperar la respuesta de fuera del pa\u00eds, se someti\u00f3 a un recuento viral en M\u00e9xico, estudio que arroj\u00f3 un resultado \u201cno reactivo\u201d. Adem\u00e1s, poco despu\u00e9s recibi\u00f3 el informe m\u00e9dico de Minnesota, el cual tambi\u00e9n confirm\u00f3 que no era portador de VIH.<\/p>\n<p>Previo a explicar esta experiencia, record\u00f3 que en 2020 se acerc\u00f3 con una nutri\u00f3loga que le fue recomendada por La Choco, su compa\u00f1era de programa, que lo ayud\u00f3 a bajar de peso de 125 kilos a los 92 kilos, y aunque \u00e9l aparentaba estar bien por fuera, realmente se sent\u00eda mal en su salud.<\/p>\n<p>Bisogno, con la tranquilidad de no haber salido VIH positivo, continu\u00f3 sus d\u00edas pese a los malestares que sent\u00eda, hasta que un sangrado al momento de hacer necesidades fisiol\u00f3gicas lo alert\u00f3 m\u00e1s, sobre todo cuando estando en su casa tras lavarse los dientes vomit\u00f3 sangre y co\u00e1gulos, seg\u00fan relat\u00f3.<\/p>\n<p>Dijo que localiz\u00f3 a su exesposa Cristina, a la cual le pidi\u00f3 lo acompa\u00f1ara al m\u00e9dico para tratar de saber lo que pasaba.<\/p>\n<p>Entre l\u00e1grimas el conductor explic\u00f3 a una Chapoy emocionada: \u201cYo no pod\u00eda dejar de pensar que en una de esas no volv\u00eda a salir, Pati, pues uno no tiene la vida comprada, y cuando est\u00e1s con una cosa como esa\u2026 En lo primero que pens\u00e9 fue en Michaela [su hija de siete a\u00f1os], y tuve el tiempo de decirle \u2018ven gordita, papito va a entrar al hospital, pero no quiero que nunca se te olvide, que jam\u00e1s vas a encontrar a una persona que te ame tanto como te he amado yo. Y que t\u00fa me hiciste la persona m\u00e1s feliz del mundo. Quiero que seas feliz, quiero que siempre te r\u00edas, quiero que est\u00e9s contenta\u2019\u201d, relat\u00f3.<\/p>\n","protected":false},"excerpt":{"rendered":"<p>El conductor de Ventaneando se tomar\u00e1 unas vacaciones mientras se recupera&#8230; Delante de tantos rumores y chismes sobre su estado de salud, por medio de sus redes sociales,\u00a0Daniel Bisogno\u00a0mostr\u00f3 su enojo contra los usuarios que aseguraron que estaba en terapia intensiva. El amado conductor de \u00abVentaneando\u00bb neg\u00f3 las alegaciones y pidi\u00f3 respeto a los medios, [&hellip;]<\/p>\n","protected":false},"author":1,"featured_media":19205,"comment_status":"open","ping_status":"closed","sticky":false,"template":"","format":"standard","meta":{"footnotes":""},"categories":[4],"tags":[],"class_list":["post-19203","post","type-post","status-publish","format-standard","has-post-thumbnail","hentry","category-espectaculos"],"_links":{"self":[{"href":"https:\/\/podernacional.com\/index.php?rest_route=\/wp\/v2\/posts\/19203","targetHints":{"allow":["GET"]}}],"collection":[{"href":"https:\/\/podernacional.com\/index.php?rest_route=\/wp\/v2\/posts"}],"about":[{"href":"https:\/\/podernacional.com\/index.php?rest_route=\/wp\/v2\/types\/post"}],"author":[{"embeddable":true,"href":"https:\/\/podernacional.com\/index.php?rest_route=\/wp\/v2\/users\/1"}],"replies":[{"embeddable":true,"href":"https:\/\/podernacional.com\/index.php?rest_route=%2Fwp%2Fv2%2Fcomments&post=19203"}],"version-history":[{"count":1,"href":"https:\/\/podernacional.com\/index.php?rest_route=\/wp\/v2\/posts\/19203\/revisions"}],"predecessor-version":[{"id":19204,"href":"https:\/\/podernacional.com\/index.php?rest_route=\/wp\/v2\/posts\/19203\/revisions\/19204"}],"wp:featuredmedia":[{"embeddable":true,"href":"https:\/\/podernacional.com\/index.php?rest_route=\/wp\/v2\/media\/19205"}],"wp:attachment":[{"href":"https:\/\/podernacional.com\/index.php?rest_route=%2Fwp%2Fv2%2Fmedia&parent=19203"}],"wp:term":[{"taxonomy":"category","embeddable":true,"href":"https:\/\/podernacional.com\/index.php?rest_route=%2Fwp%2Fv2%2Fcategories&post=19203"},{"taxonomy":"post_tag","embeddable":true,"href":"https:\/\/podernacional.com\/index.php?rest_route=%2Fwp%2Fv2%2Ftags&post=19203"}],"curies":[{"name":"wp","href":"https:\/\/api.w.org\/{rel}","templated":true}]}}