{"id":19236,"date":"2023-10-24T15:59:29","date_gmt":"2023-10-24T20:59:29","guid":{"rendered":"https:\/\/podernacional.com\/?p=19236"},"modified":"2023-10-25T21:00:36","modified_gmt":"2023-10-25T21:00:36","slug":"renata-notni-se-rie-de-los-rumores-de-embarazo-y-boda-con-diego-boneta","status":"publish","type":"post","link":"https:\/\/podernacional.com\/?p=19236","title":{"rendered":"Renata Notni se r\u00ede de los rumores de embarazo y boda con Diego Boneta"},"content":{"rendered":"<div class=\"newsfull__excerpt\">\n<h3 style=\"text-align: center;\">Renata y Diego confirmaron su relaci\u00f3n en abril del 2021.<\/h3>\n<\/div>\n<div class=\"newsfull__line\">\n<p><strong>Renata Notni<\/strong>\u00a0hizo frente a los nuevos chismes de embarazo y boda con\u00a0<strong>Diego\u00a0<\/strong><strong>Boneta<\/strong>, aunque ya los ha desmentido en repetidas ocasiones.<\/p>\n<p>Los artistas han generado expectativas con su relaci\u00f3n desde que iniciaron los rumores de noviazgo en diciembre del 2020, aunque lo confirmaron hasta abril del 2021.<\/p>\n<p>Con dicho escenario es que\u00a0<strong>Renata\u00a0<\/strong>respondi\u00f3 a la prensa sobre los insistentes rumores sobre supuestos planes de boda e hijos con Diego.<\/p>\n<blockquote><p>Es parte d\u00e9, solo digo \u2018ahora estoy embarazada, ahora ya me voy a casar\u2019, me r\u00edo, es parte d\u00e9, es parte de ser figura p\u00fablica de alguna manera. No, todav\u00eda no (hay planes de boda)\u201d<\/p><\/blockquote>\n<p>Dijo Notni a su paso por la alfombra roja de un evento realizado en la Ciudad de M\u00e9xico.<\/p>\n<h2>Sin prisa<\/h2>\n<p>Sobre si contempla dar alguno de estos pasos pronto, la actriz de\u00a0<strong>28 a\u00f1os<\/strong>\u00a0confes\u00f3: \u201cNo, todav\u00eda, no hay que correr, hay que disfrutar cada etapa como tiene que ser, el momento como tiene que ser, y cuando llegue llegar\u00e1, pero no hay prisa, ninguno de los dos tenemos prisa de ninguna manera\u201d.<\/p>\n<p>Al escuchar que son considerados la pareja del a\u00f1o, la artista replic\u00f3: \u201c\u00a1<strong>Qu\u00e9 lindos!, \u00a1qu\u00e9 halago m\u00e1s lind<\/strong>o!, muchas gracias, estoy feliz porque siempre hemos recibido mucho amor de parte de la gente, cuando se habla de la pareja y eso se agradece much\u00edsimo\u201d.<\/p>\n<p>Y tras declararse totalmente enamorada de\u00a0<strong>Diego<\/strong>, finalmente Renata asegur\u00f3 que ambos han sabido sobrellevar su romance cuando deben permanecer alejados por sus proyectos laborales.<\/p>\n<p>\u201cAl final de cuentas los dos estamos en lo mismo y creo que es parte de lo lindo de la relaci\u00f3n que nos apoyamos y siempre de lejos ech\u00e1ndonos porras el uno al otro\u201d, coment\u00f3 al respecto.<\/p>\n<\/div>\n","protected":false},"excerpt":{"rendered":"<p>Renata y Diego confirmaron su relaci\u00f3n en abril del 2021. Renata Notni\u00a0hizo frente a los nuevos chismes de embarazo y boda con\u00a0Diego\u00a0Boneta, aunque ya los ha desmentido en repetidas ocasiones. Los artistas han generado expectativas con su relaci\u00f3n desde que iniciaron los rumores de noviazgo en diciembre del 2020, aunque lo confirmaron hasta abril del [&hellip;]<\/p>\n","protected":false},"author":1,"featured_media":19238,"comment_status":"open","ping_status":"closed","sticky":false,"template":"","format":"standard","meta":{"footnotes":""},"categories":[4],"tags":[],"class_list":["post-19236","post","type-post","status-publish","format-standard","has-post-thumbnail","hentry","category-espectaculos"],"_links":{"self":[{"href":"https:\/\/podernacional.com\/index.php?rest_route=\/wp\/v2\/posts\/19236","targetHints":{"allow":["GET"]}}],"collection":[{"href":"https:\/\/podernacional.com\/index.php?rest_route=\/wp\/v2\/posts"}],"about":[{"href":"https:\/\/podernacional.com\/index.php?rest_route=\/wp\/v2\/types\/post"}],"author":[{"embeddable":true,"href":"https:\/\/podernacional.com\/index.php?rest_route=\/wp\/v2\/users\/1"}],"replies":[{"embeddable":true,"href":"https:\/\/podernacional.com\/index.php?rest_route=%2Fwp%2Fv2%2Fcomments&post=19236"}],"version-history":[{"count":1,"href":"https:\/\/podernacional.com\/index.php?rest_route=\/wp\/v2\/posts\/19236\/revisions"}],"predecessor-version":[{"id":19237,"href":"https:\/\/podernacional.com\/index.php?rest_route=\/wp\/v2\/posts\/19236\/revisions\/19237"}],"wp:featuredmedia":[{"embeddable":true,"href":"https:\/\/podernacional.com\/index.php?rest_route=\/wp\/v2\/media\/19238"}],"wp:attachment":[{"href":"https:\/\/podernacional.com\/index.php?rest_route=%2Fwp%2Fv2%2Fmedia&parent=19236"}],"wp:term":[{"taxonomy":"category","embeddable":true,"href":"https:\/\/podernacional.com\/index.php?rest_route=%2Fwp%2Fv2%2Fcategories&post=19236"},{"taxonomy":"post_tag","embeddable":true,"href":"https:\/\/podernacional.com\/index.php?rest_route=%2Fwp%2Fv2%2Ftags&post=19236"}],"curies":[{"name":"wp","href":"https:\/\/api.w.org\/{rel}","templated":true}]}}