{"id":19314,"date":"2023-10-30T15:57:58","date_gmt":"2023-10-30T20:57:58","guid":{"rendered":"https:\/\/podernacional.com\/?p=19314"},"modified":"2023-10-30T20:58:08","modified_gmt":"2023-10-30T20:58:08","slug":"que-municipios-de-mexico-cambian-de-hora-en-noviembre-y-por-que-adelantan-o-atrasan-el-reloj","status":"publish","type":"post","link":"https:\/\/podernacional.com\/?p=19314","title":{"rendered":"\u00bfQu\u00e9 municipios de M\u00e9xico cambian de hora en noviembre y por qu\u00e9? \u00bfAdelantan o atrasan el reloj?"},"content":{"rendered":"<p>Con la llegada de noviembre, solo algunos municipios de M\u00e9xico deber\u00e1n modificar sus relojes. Estos son los lugares afectados por la llegada del horario estacional en el pa\u00eds.<\/p>\n<p>La sanci\u00f3n de la\u00a0Ley de Husos Horarios\u00a0impulsada por el presidente Andr\u00e9s Manuel L\u00f3pez Obrador en noviembre de 2022 puso fin al horario de verano en M\u00e9xico.<\/p>\n<p>Desde ese momento, solo algunos municipios de cinco estados mexicanos deben atrasar sus relojes una hora, dada su cercan\u00eda con Estados Unidos y la entrada en vigor del horario de invierno en ese pa\u00eds.<\/p>\n<h2>\u00bfCu\u00e1ndo cambia el horario en algunos estados de M\u00e9xico?<\/h2>\n<p>Seg\u00fan lo establecido por la ley, el horario estacional se aplicar\u00e1 \u00fanicamente en la frontera norte del pa\u00eds a partir del segundo domingo de marzo y concluir\u00e1 el primer domingo de noviembre de cada a\u00f1o.<\/p>\n<p>En 2023, el cambio de horario de una hora regir\u00e1 desde el 5 de noviembre, de acuerdo con el Centro Nacional de Meteorolog\u00eda de M\u00e9xico (Cenam).<\/p>\n<h2>\u00bfQu\u00e9 municipios de M\u00e9xico aplican el horario estacional?<\/h2>\n<p>A partir del domingo 5 de noviembre y hasta el 10 de marzo de 2024, 36 municipios mexicanos, ubicados en cinco estados fronterizos con Estados Unidos, deber\u00e1n atrasar una hora sus relojes.<\/p>\n<h3>Baja California<\/h3>\n<p>San Quint\u00edn, Tecate, Tijuana, Ensenada, Mexicali y Playas de Rosarito.<\/p>\n<h3>Chihuahua<\/h3>\n<p>Guadalupe, Janos, Ju\u00e1rez, Manuel Benavides, Ojinaga, Praxedis G. Guerrero.Ascenci\u00f3n y Coyame del Sotol.<\/p>\n<h3>Coahuila<\/h3>\n<p>Jim\u00e9nez, Morelos, Nava, Ocampo, Piedras Negras, Villa Uni\u00f3n, Zaragoza, Acu\u00f1a, Allende, Hidalgo y Guerrero.<\/p>\n<h3>Nuevo Le\u00f3n<\/h3>\n<p>An\u00e1huac<\/p>\n<h3>Tamaulipas<\/h3>\n<p>Miguel Alem\u00e1n, Mier, Nuevo Laredo, Reynosa, R\u00edo Bravo, Valle Hermoso, Camargo, Guerrero, Gustavo D\u00edaz Ordaz y Mataromos.<\/p>\n<p>Hay algunas excepciones alcanzadas por la Ley de Husos Horarios:<\/p>\n<ul>\n<li>Las islas, arrecifes y cayos est\u00e1n comprendidos dentro del meridiano al cual corresponda su situaci\u00f3n geogr\u00e1fica y de acuerdo con el derecho internacional aceptados.<\/li>\n<li>El horario en el municipio Bah\u00eda de Banderas, en el estado de Nayarit, se regir\u00e1 conforme a la Zona Centro.<\/li>\n<li>En los municipios de Coyame del Sotol, Ojinaga y Manuel Benavides, del estado de Chihuahua, rige el horario del meridiano 90 grados al oeste de Greenwich.<\/li>\n<\/ul>\n<p>Si tienes alguna duda sobre c\u00f3mo configurar tu reloj, puedes consultar la\u00a0hora oficial de M\u00e9xico en tiempo real\u00a0en el sitio del Cenam.<\/p>\n","protected":false},"excerpt":{"rendered":"<p>Con la llegada de noviembre, solo algunos municipios de M\u00e9xico deber\u00e1n modificar sus relojes. Estos son los lugares afectados por la llegada del horario estacional en el pa\u00eds. La sanci\u00f3n de la\u00a0Ley de Husos Horarios\u00a0impulsada por el presidente Andr\u00e9s Manuel L\u00f3pez Obrador en noviembre de 2022 puso fin al horario de verano en M\u00e9xico. Desde [&hellip;]<\/p>\n","protected":false},"author":1,"featured_media":19316,"comment_status":"open","ping_status":"closed","sticky":false,"template":"","format":"standard","meta":{"footnotes":""},"categories":[7],"tags":[],"class_list":["post-19314","post","type-post","status-publish","format-standard","has-post-thumbnail","hentry","category-nacional"],"_links":{"self":[{"href":"https:\/\/podernacional.com\/index.php?rest_route=\/wp\/v2\/posts\/19314","targetHints":{"allow":["GET"]}}],"collection":[{"href":"https:\/\/podernacional.com\/index.php?rest_route=\/wp\/v2\/posts"}],"about":[{"href":"https:\/\/podernacional.com\/index.php?rest_route=\/wp\/v2\/types\/post"}],"author":[{"embeddable":true,"href":"https:\/\/podernacional.com\/index.php?rest_route=\/wp\/v2\/users\/1"}],"replies":[{"embeddable":true,"href":"https:\/\/podernacional.com\/index.php?rest_route=%2Fwp%2Fv2%2Fcomments&post=19314"}],"version-history":[{"count":1,"href":"https:\/\/podernacional.com\/index.php?rest_route=\/wp\/v2\/posts\/19314\/revisions"}],"predecessor-version":[{"id":19315,"href":"https:\/\/podernacional.com\/index.php?rest_route=\/wp\/v2\/posts\/19314\/revisions\/19315"}],"wp:featuredmedia":[{"embeddable":true,"href":"https:\/\/podernacional.com\/index.php?rest_route=\/wp\/v2\/media\/19316"}],"wp:attachment":[{"href":"https:\/\/podernacional.com\/index.php?rest_route=%2Fwp%2Fv2%2Fmedia&parent=19314"}],"wp:term":[{"taxonomy":"category","embeddable":true,"href":"https:\/\/podernacional.com\/index.php?rest_route=%2Fwp%2Fv2%2Fcategories&post=19314"},{"taxonomy":"post_tag","embeddable":true,"href":"https:\/\/podernacional.com\/index.php?rest_route=%2Fwp%2Fv2%2Ftags&post=19314"}],"curies":[{"name":"wp","href":"https:\/\/api.w.org\/{rel}","templated":true}]}}