{"id":19368,"date":"2023-11-04T19:24:06","date_gmt":"2023-11-05T00:24:06","guid":{"rendered":"https:\/\/podernacional.com\/?p=19368"},"modified":"2023-11-05T00:24:16","modified_gmt":"2023-11-05T00:24:16","slug":"alejandro-fernandez-regreso-a-su-tierra-para-presentarse-en-el-palenque-de-las-fiestas-de-octubre","status":"publish","type":"post","link":"https:\/\/podernacional.com\/?p=19368","title":{"rendered":"Alejandro Fern\u00e1ndez regres\u00f3 a su tierra para presentarse en el palenque de las Fiestas de Octubre"},"content":{"rendered":"<p>Alejandro Fern\u00e1ndez regres\u00f3 a su tierra para presentarse en el palenque de las fiestas de octubre ente un recinto totalmente lleno. Previo a su concierto, \u201cEl Potrillo\u201d mencion\u00f3 que no hay ninguna problem\u00e1tica con la familia Aguilar, por lo que no tendr\u00eda problema en colaborar con ellos:<br \/>\n\u201cSiempre se ha sabido el cari\u00f1o que nos tenemos entre los Aguilar y los Fern\u00e1ndez, lo hemos dicho abiertamente, no hemos tenido ning\u00fan problema, habr\u00e1 cosas que salen ah\u00ed de chismes y cosas as\u00ed, pero pues nada personales y a lo mejor muchas son inventadas, pero yo tambi\u00e9n no tendr\u00eda ning\u00fan problema y ser\u00eda un concierto incre\u00edble\u201d.<br \/>\nAlejandro Fern\u00e1ndez interpret\u00f3 m\u00e1s de 30 canciones entre las que destacaron \u201cMe dediqu\u00e9 a perderte\u201d, \u201cComo quien pierde una Estrella\u201d, \u201cCaballero\u201d, \u201cCanta coraz\u00f3n\u201d, \u201cM\u00e1talas\u201d y \u201cSe me va la voz entre otras, adem\u00e1s de invitar al redondel a su hijo Alex. \u201cEl Potrillo\u201d se presentar\u00e1 esta noche y el domingo en el recinto gallero. (Por Katia Plascencia Muci\u00f1o)<\/p>\n","protected":false},"excerpt":{"rendered":"<p>Alejandro Fern\u00e1ndez regres\u00f3 a su tierra para presentarse en el palenque de las fiestas de octubre ente un recinto totalmente lleno. Previo a su concierto, \u201cEl Potrillo\u201d mencion\u00f3 que no hay ninguna problem\u00e1tica con la familia Aguilar, por lo que no tendr\u00eda problema en colaborar con ellos: \u201cSiempre se ha sabido el cari\u00f1o que nos [&hellip;]<\/p>\n","protected":false},"author":1,"featured_media":19370,"comment_status":"open","ping_status":"closed","sticky":false,"template":"","format":"standard","meta":{"footnotes":""},"categories":[4],"tags":[],"class_list":["post-19368","post","type-post","status-publish","format-standard","has-post-thumbnail","hentry","category-espectaculos"],"_links":{"self":[{"href":"https:\/\/podernacional.com\/index.php?rest_route=\/wp\/v2\/posts\/19368","targetHints":{"allow":["GET"]}}],"collection":[{"href":"https:\/\/podernacional.com\/index.php?rest_route=\/wp\/v2\/posts"}],"about":[{"href":"https:\/\/podernacional.com\/index.php?rest_route=\/wp\/v2\/types\/post"}],"author":[{"embeddable":true,"href":"https:\/\/podernacional.com\/index.php?rest_route=\/wp\/v2\/users\/1"}],"replies":[{"embeddable":true,"href":"https:\/\/podernacional.com\/index.php?rest_route=%2Fwp%2Fv2%2Fcomments&post=19368"}],"version-history":[{"count":1,"href":"https:\/\/podernacional.com\/index.php?rest_route=\/wp\/v2\/posts\/19368\/revisions"}],"predecessor-version":[{"id":19369,"href":"https:\/\/podernacional.com\/index.php?rest_route=\/wp\/v2\/posts\/19368\/revisions\/19369"}],"wp:featuredmedia":[{"embeddable":true,"href":"https:\/\/podernacional.com\/index.php?rest_route=\/wp\/v2\/media\/19370"}],"wp:attachment":[{"href":"https:\/\/podernacional.com\/index.php?rest_route=%2Fwp%2Fv2%2Fmedia&parent=19368"}],"wp:term":[{"taxonomy":"category","embeddable":true,"href":"https:\/\/podernacional.com\/index.php?rest_route=%2Fwp%2Fv2%2Fcategories&post=19368"},{"taxonomy":"post_tag","embeddable":true,"href":"https:\/\/podernacional.com\/index.php?rest_route=%2Fwp%2Fv2%2Ftags&post=19368"}],"curies":[{"name":"wp","href":"https:\/\/api.w.org\/{rel}","templated":true}]}}