{"id":1940,"date":"2020-11-14T19:21:52","date_gmt":"2020-11-14T19:21:52","guid":{"rendered":"http:\/\/whatsappcancun.com\/?p=1940"},"modified":"2020-11-14T19:21:52","modified_gmt":"2020-11-14T19:21:52","slug":"paises-no-estan-preparados-para-almacenar-vacunas-contra-covid-19","status":"publish","type":"post","link":"https:\/\/podernacional.com\/?p=1940","title":{"rendered":"Pa\u00edses no est\u00e1n preparados para almacenar vacunas contra COVID-19"},"content":{"rendered":"\n<p>Al menos dos vacunas requieren de sistema de conservaci\u00f3n en fr\u00edo que no est\u00e1 disponible, afirma la Organizaci\u00f3n Panamericana de la Salud.<\/p>\n\n\n\n<p>El subdirector de la&nbsp;<strong>Organizaci\u00f3n Panamericana de la Salud<\/strong>&nbsp;(OPS), el doctor Jarbas Barbosa, explic\u00f3 el viernes 12 de noviembre que de las&nbsp;<strong>10 vacunas en la tercera fase<\/strong>&nbsp;de ensayos cl\u00ednicos, dos de ellas utilizan la novedosa tecnolog\u00eda \u201cde usar material gen\u00e9tico del virus\u201d y que no hay ninguna otra vacuna utilizada en el mundo que comparta estas caracter\u00edsticas.<\/p>\n\n\n\n<blockquote class=\"wp-block-quote is-layout-flow wp-block-quote-is-layout-flow\"><p>\u201cEntonces ning\u00fan sistema de salud en el Caribe, en Am\u00e9rica del Sur, en los Estados Unidos, en Europa est\u00e1n listos para manejar estas vacunas porque para ello&nbsp;<strong>se necesita tener un almacenamiento a -70 grados cent\u00edgrados<\/strong>. Si los pa\u00edses van a utilizar esas vacunas tendr\u00e1n que preparase. Las otras ocho vacunas que est\u00e1n en fase 3 s\u00ed se pueden manejar en las cadenas de fr\u00edo que encontramos hoy en cualquier pa\u00eds\u201d.<\/p><\/blockquote>\n\n\n\n<p>Barbosa indic\u00f3 que la Organizaci\u00f3n Panamericana de la Salud est\u00e1 hablando con instituciones financieras para&nbsp;<strong>fortalecer las cadenas de fr\u00edo&nbsp;<\/strong>de los pa\u00edses ya que cualquier naci\u00f3n del mundo que quiera usar la vacuna va a necesitar cambios o conseguir nuevos almacenes para conservarla a esa baja temperatura.<\/p>\n\n\n\n<p>Sin embargo, especific\u00f3 que cuando la vacuna llega a las salas de vacunaci\u00f3n no es necesario que se encuentre a -70 grados ya que se puede almacenar entre 2 y 8 grados durante un periodo de hasta cinco d\u00edas.<\/p>\n\n\n\n<blockquote class=\"wp-block-quote is-layout-flow wp-block-quote-is-layout-flow\"><p>\u201cEl problema va a encontrarse en los almacenes centrales y en el transporte y ah\u00ed ha de haber una inversi\u00f3n, pero este es un desaf\u00edo para todo el mundo ya que por primera vez vamos a tener vacunas con estas caracter\u00edsticas disponibles\u201d, destac\u00f3.<\/p><\/blockquote>\n\n\n\n<p>Por su parte, el doctor Marcos Espinal, director del Departamento de Enfermedades Transmisibles, indic\u00f3 que la farmac\u00e9utica Pfizer est\u00e1 alcanzando acuerdos bilaterales con varios pa\u00edses, entre ellos los latinoamericanos, como en&nbsp;<strong>Argentina, Chile, M\u00e9xico, Ecuador<\/strong>&nbsp;y que sigue negociando con Per\u00fa y Brasil.<\/p>\n","protected":false},"excerpt":{"rendered":"<p>Al menos dos vacunas requieren de sistema de conservaci\u00f3n en fr\u00edo que no est\u00e1 disponible, afirma la Organizaci\u00f3n Panamericana de la Salud. El subdirector de la&nbsp;Organizaci\u00f3n Panamericana de la Salud&nbsp;(OPS), el doctor Jarbas Barbosa, explic\u00f3 el viernes 12 de noviembre que de las&nbsp;10 vacunas en la tercera fase&nbsp;de ensayos cl\u00ednicos, dos de ellas utilizan la [&hellip;]<\/p>\n","protected":false},"author":1,"featured_media":1941,"comment_status":"open","ping_status":"open","sticky":false,"template":"","format":"standard","meta":{"footnotes":""},"categories":[11],"tags":[],"class_list":["post-1940","post","type-post","status-publish","format-standard","has-post-thumbnail","hentry","category-salud"],"_links":{"self":[{"href":"https:\/\/podernacional.com\/index.php?rest_route=\/wp\/v2\/posts\/1940","targetHints":{"allow":["GET"]}}],"collection":[{"href":"https:\/\/podernacional.com\/index.php?rest_route=\/wp\/v2\/posts"}],"about":[{"href":"https:\/\/podernacional.com\/index.php?rest_route=\/wp\/v2\/types\/post"}],"author":[{"embeddable":true,"href":"https:\/\/podernacional.com\/index.php?rest_route=\/wp\/v2\/users\/1"}],"replies":[{"embeddable":true,"href":"https:\/\/podernacional.com\/index.php?rest_route=%2Fwp%2Fv2%2Fcomments&post=1940"}],"version-history":[{"count":0,"href":"https:\/\/podernacional.com\/index.php?rest_route=\/wp\/v2\/posts\/1940\/revisions"}],"wp:featuredmedia":[{"embeddable":true,"href":"https:\/\/podernacional.com\/index.php?rest_route=\/wp\/v2\/media\/1941"}],"wp:attachment":[{"href":"https:\/\/podernacional.com\/index.php?rest_route=%2Fwp%2Fv2%2Fmedia&parent=1940"}],"wp:term":[{"taxonomy":"category","embeddable":true,"href":"https:\/\/podernacional.com\/index.php?rest_route=%2Fwp%2Fv2%2Fcategories&post=1940"},{"taxonomy":"post_tag","embeddable":true,"href":"https:\/\/podernacional.com\/index.php?rest_route=%2Fwp%2Fv2%2Ftags&post=1940"}],"curies":[{"name":"wp","href":"https:\/\/api.w.org\/{rel}","templated":true}]}}