{"id":19467,"date":"2023-11-12T14:42:48","date_gmt":"2023-11-12T19:42:48","guid":{"rendered":"https:\/\/podernacional.com\/?p=19467"},"modified":"2023-11-12T19:42:57","modified_gmt":"2023-11-12T19:42:57","slug":"maluma-sorprendio-a-su-novia-en-su-cumpleanos-con-un-obsequio-que-la-dejo-sin-palabras-tu-me-diste-el-regalo-mas-grande","status":"publish","type":"post","link":"https:\/\/podernacional.com\/?p=19467","title":{"rendered":"Maluma sorprendi\u00f3 a su novia en su cumplea\u00f1os con un obsequio que la dej\u00f3 sin palabras: \u201cT\u00fa me diste el regalo m\u00e1s grande\u201d"},"content":{"rendered":"<h3 class=\"article-subheadline left \" style=\"text-align: center;\">El cantante colombiano est\u00e1 feliz por la llegada de Par\u00eds, su primera hija, y asegur\u00f3 que ese fue el mejor regalo que le ha dado su pareja<\/h3>\n<div class=\"byline\">\n<div class=\"byline-image-ctn\">\n<p class=\"paragraph\" data-mrf-recirculation=\"Links inline\">A\u00a0<b>Maluma\u00a0<\/b>le cambi\u00f3 radicalmente la vida en los \u00faltimos meses tras enterarse del embarazo de su novia,<b>\u00a0Susana G\u00f3mez<\/b>. Desde ese momento, el cantante colombiano ha mostrado una faceta muy diferente: feliz, enamorado y orgulloso de su pareja y de la beb\u00e9 que viene en camino. Esto, sin duda alguna, ha tenido un impacto enorme en el paisa, quien est\u00e1 impaciente por conocer a\u00a0<b>Par\u00eds<\/b>, su primera hija.<\/p>\n<p><a id=\"recommended-card-0\" class=\"recommended-card recommended-card--infobae recommended-card--first\" href=\"https:\/\/www.infobae.com\/colombia\/2023\/11\/08\/maluma-se-hizo-un-tatuaje-en-honor-a-su-hija-paris-asi-luce\/\" target=\"_blank\" rel=\"noopener noreferrer\" aria-label=\"Maluma se hizo un tatuaje en honor a su hija Par\u00eds: as\u00ed luce\" data-mrf-recirculation=\"Recomendado inline\" data-mrf-link=\"https:\/\/www.infobae.com\/colombia\/2023\/11\/08\/maluma-se-hizo-un-tatuaje-en-honor-a-su-hija-paris-asi-luce\/\"><\/a><\/p>\n<p class=\"paragraph\" data-mrf-recirculation=\"Links inline\">Susana G\u00f3mez, la novia del cantante colombiano,\u00a0<b>ha mantenido una postura muy discreta en redes sociales<\/b>\u00a0y medios de comunicaci\u00f3n. Es por esta raz\u00f3n que Maluma, con el objetivo de resguardar su noviazgo de comentarios y chismes, hab\u00eda decidido llevarlo de una manera mucho m\u00e1s reservado; sin embargo, desde el anuncio de la llegada de Par\u00eds, la joven paisa ha tomado un enorme protagonismo en las redes sociales del Pretty Boy &#8211; Dirty Boy, como tambi\u00e9n se le conoce.<\/p>\n<p class=\"paragraph\" data-mrf-recirculation=\"Links inline\">Es por esta raz\u00f3n que el cumplea\u00f1os de Susana G\u00f3mez no pas\u00f3 desapercibido para Maluma, que no dud\u00f3 en organizarle una reuni\u00f3n para que ella pudiera estar con algunos seres queridos y con personas cercanas a la pareja. En una publicaci\u00f3n en sus redes sociales, Maluma comparti\u00f3 una serie de fotograf\u00edas en las que se observa el obsequio con el que sorprendi\u00f3 a su novia, adem\u00e1s, manifest\u00f3: \u201c<b>Es tu cumplea\u00f1os, pero t\u00fa me diste el regalo m\u00e1s grande 11:11<\/b>\u2033.<\/p>\n<p class=\"paragraph\" data-mrf-recirculation=\"Links inline\">Una de las cosas que m\u00e1s llam\u00f3 la atenci\u00f3n de las personas fue que Maluma le regal\u00f3 un bolso a su novia; sin embargo, este era de la reconocida marca Herm\u00e8s Par\u00eds, una de las m\u00e1s exclusivas y lujosas del mundo. Esto se refleja en el alto valor de este accesorio, que puede superar los<b>\u00a0200.000.000 de pesos.<\/b>\u00a0Aunque para muchos pueda parecer un precio exagerado, esto se justifica por la calidad de los materiales, la exclusividad, el proceso de fabricaci\u00f3n y la historia de la marca.<\/p>\n<div class=\"recommended-card__info\">\n<p class=\"paragraph\" data-mrf-recirculation=\"Links inline\">La publicaci\u00f3n del cantante colombiano tom\u00f3 por sorpresa a muchos, ya que no suele mostrar el rostro de su novia en sus redes sociales. Aunque hubo algunos usuarios realizaron algunos comentarios negativos, muchos otros<b>\u00a0los felicitaron por convertirse en una de las parejas m\u00e1s queridas<\/b>\u00a0de la actualidad.<\/p>\n<p class=\"paragraph\" data-mrf-recirculation=\"Links inline\">\u201c<b>Una celebridad finalmente sale con una mujer sin capas de maquillaje<\/b>\u00a0y cirug\u00eda pl\u00e1stica y la gente la llama promedio o no hermosa\u201d; \u201cSe ve hermosa embarazada, tan natural, belleza real. Sean felices\u201d; \u201cVeo mucha envidiosa por aqu\u00ed opinando que verg\u00fcenza con Maluma\u2026 Tu futura esposa es divina\u201d; \u201cTodos pensar\u00e1n que ella se gan\u00f3 el premio Mayor, y s\u00ed, pero t\u00fa, Maluma, te ganaste las gloria con esa mujer. Es tan real\u201d; \u201cEl podr\u00eda estar con cualquiera y la eligi\u00f3 a ella, que para m\u00ed es hermosa, muy natural y lo m\u00e1s importante, se ve que lo ama con el coraz\u00f3n. Todos sabemos que \u00e9l no se ve\u00eda tan feliz desde que est\u00e1 con ella\u201d; \u201cYa veo porque Maluma quiso tener su relaci\u00f3n en privado tantos a\u00f1os, por gente envidiosa como ustedes\u201d, entre muchos otros.<\/p>\n<p class=\"paragraph\" data-mrf-recirculation=\"Links inline\">Maluma recientemente revel\u00f3 que sinti\u00f3 cuando se enter\u00f3 de que iba a ser padre, incluso dio a conocer las razones por las que decidi\u00f3 ponerle como nombre: Par\u00eds. El cantante afirm\u00f3 que al principio se opon\u00eda a que fuera una ni\u00f1a, incluso asegur\u00f3 que ese era su \u201ckarma\u201d.<\/p>\n<p class=\"paragraph\" data-mrf-recirculation=\"Links inline\">\u201cYo al principio, cuando supe, dije \u2018Jueputa, va a ser una ni\u00f1a\u2019. Pero por qu\u00e9 dije as\u00ed, porque ese es mi karma, yo voy a pagar&#8230;\u201d. El cantante explic\u00f3 que despu\u00e9s trat\u00f3 de quitarse de la cabeza la idea de que era una ni\u00f1a, \u201cme niego a que sea un ni\u00f1o, empec\u00e9, es ni\u00f1o, ni\u00f1o, ni\u00f1o&#8230;\u201d. El cantante revel\u00f3 que el nombre de Par\u00eds lo iban a utilizar para su hijo, sin importar si fuera ni\u00f1o o ni\u00f1a. El paisa asegur\u00f3 que escogieron este nombre porque \u201c<b>la hicimos en Par\u00eds<\/b>\u201d.<\/p>\n<\/div>\n<\/div>\n<\/div>\n","protected":false},"excerpt":{"rendered":"<p>El cantante colombiano est\u00e1 feliz por la llegada de Par\u00eds, su primera hija, y asegur\u00f3 que ese fue el mejor regalo que le ha dado su pareja A\u00a0Maluma\u00a0le cambi\u00f3 radicalmente la vida en los \u00faltimos meses tras enterarse del embarazo de su novia,\u00a0Susana G\u00f3mez. Desde ese momento, el cantante colombiano ha mostrado una faceta muy [&hellip;]<\/p>\n","protected":false},"author":1,"featured_media":19469,"comment_status":"open","ping_status":"closed","sticky":false,"template":"","format":"standard","meta":{"footnotes":""},"categories":[4],"tags":[],"class_list":["post-19467","post","type-post","status-publish","format-standard","has-post-thumbnail","hentry","category-espectaculos"],"_links":{"self":[{"href":"https:\/\/podernacional.com\/index.php?rest_route=\/wp\/v2\/posts\/19467","targetHints":{"allow":["GET"]}}],"collection":[{"href":"https:\/\/podernacional.com\/index.php?rest_route=\/wp\/v2\/posts"}],"about":[{"href":"https:\/\/podernacional.com\/index.php?rest_route=\/wp\/v2\/types\/post"}],"author":[{"embeddable":true,"href":"https:\/\/podernacional.com\/index.php?rest_route=\/wp\/v2\/users\/1"}],"replies":[{"embeddable":true,"href":"https:\/\/podernacional.com\/index.php?rest_route=%2Fwp%2Fv2%2Fcomments&post=19467"}],"version-history":[{"count":1,"href":"https:\/\/podernacional.com\/index.php?rest_route=\/wp\/v2\/posts\/19467\/revisions"}],"predecessor-version":[{"id":19468,"href":"https:\/\/podernacional.com\/index.php?rest_route=\/wp\/v2\/posts\/19467\/revisions\/19468"}],"wp:featuredmedia":[{"embeddable":true,"href":"https:\/\/podernacional.com\/index.php?rest_route=\/wp\/v2\/media\/19469"}],"wp:attachment":[{"href":"https:\/\/podernacional.com\/index.php?rest_route=%2Fwp%2Fv2%2Fmedia&parent=19467"}],"wp:term":[{"taxonomy":"category","embeddable":true,"href":"https:\/\/podernacional.com\/index.php?rest_route=%2Fwp%2Fv2%2Fcategories&post=19467"},{"taxonomy":"post_tag","embeddable":true,"href":"https:\/\/podernacional.com\/index.php?rest_route=%2Fwp%2Fv2%2Ftags&post=19467"}],"curies":[{"name":"wp","href":"https:\/\/api.w.org\/{rel}","templated":true}]}}