{"id":1957,"date":"2020-11-16T21:47:48","date_gmt":"2020-11-16T21:47:48","guid":{"rendered":"http:\/\/whatsappcancun.com\/?p=1957"},"modified":"2020-11-16T21:47:48","modified_gmt":"2020-11-16T21:47:48","slug":"suman-12-nuevos-contagios-y-tres-decesos-por-covid-19-en-un-dia","status":"publish","type":"post","link":"https:\/\/podernacional.com\/?p=1957","title":{"rendered":"Suman 12 nuevos contagios y tres decesos por Covid-19 en un d\u00eda"},"content":{"rendered":"\n<p>Suman 12 nuevos contagios y tres decesos por SARS-Cov-2 en las \u00faltimas 24 horas, de acuerdo con el reporte que emite la Secretar\u00eda de Salud de Quintana Roo.<\/p>\n\n\n\n<p>Se precis\u00f3 que el acumulado alcanza los 13 mil 911 infectados y mil 891 fallecimientos.<\/p>\n\n\n\n<p>Los casos positivos registrados en este inicio de semana fueron 10 en Canc\u00fan, uno en Jos\u00e9 Mar\u00eda Morelos y otro en L\u00e1zaro C\u00e1rdenas.<\/p>\n\n\n\n<p>Con respecto a las muertes: dos fueron en Canc\u00fan y uno en Jos\u00e9 Mar\u00eda Morelos.<\/p>\n\n\n\n<p>La dependencia, que preside Alejandra Aguirre Crespo, inform\u00f3 que 334 personas con el virus est\u00e1n en aislamiento social; en tanto que 167 pacientes se encuentran internados en alguno de los hospitales reconvertidos para atenci\u00f3n al Covid-19.<\/p>\n\n\n\n<p>El acumulado de recuperados es de 11 mil 519 a la fecha, 11 mil 621 que han dado negativo a la prueba y 291 est\u00e1n en estudio.<\/p>\n\n\n\n<h2 class=\"wp-block-heading\">Suman 12 nuevos contagios; los casos positivos fueron en Canc\u00fan, Jos\u00e9 Mar\u00eda Morelos y L\u00e1zaro C\u00e1rdenas<\/h2>\n\n\n\n<p>La Sesa indic\u00f3 que la velocidad de crecimiento de contagios para la zona norte es de 0.20, y la sur, de 0.17, lo que representa un leve descenso con relaci\u00f3n al viernes pasado.<\/p>\n\n\n\n<p>La ocupaci\u00f3n hospitalaria es del 23% en Cozumel, 17% en Playa del Carmen, 13% en Benito Ju\u00e1rez y 8% en Chetumal, en tanto que el resto del estado no registra ocupaci\u00f3n hospitalaria.<\/p>\n\n\n\n<p>Canc\u00fan contin\u00faa a la cabeza en cuanto al n\u00famero de infectados, con un total de 6 mil 486, en tanto que suma mil 199 decesos.<\/p>\n\n\n\n<p>Le sigue Chetumal con 3 mil 596 casos y 216 fallecimientos; as\u00ed como Playa del Carmen con mil 710 contagios y 207 muertes.<\/p>\n","protected":false},"excerpt":{"rendered":"<p>Suman 12 nuevos contagios y tres decesos por SARS-Cov-2 en las \u00faltimas 24 horas, de acuerdo con el reporte que emite la Secretar\u00eda de Salud de Quintana Roo. Se precis\u00f3 que el acumulado alcanza los 13 mil 911 infectados y mil 891 fallecimientos. Los casos positivos registrados en este inicio de semana fueron 10 en [&hellip;]<\/p>\n","protected":false},"author":1,"featured_media":1958,"comment_status":"open","ping_status":"open","sticky":false,"template":"","format":"standard","meta":{"footnotes":""},"categories":[6],"tags":[],"class_list":["post-1957","post","type-post","status-publish","format-standard","has-post-thumbnail","hentry","category-local"],"_links":{"self":[{"href":"https:\/\/podernacional.com\/index.php?rest_route=\/wp\/v2\/posts\/1957","targetHints":{"allow":["GET"]}}],"collection":[{"href":"https:\/\/podernacional.com\/index.php?rest_route=\/wp\/v2\/posts"}],"about":[{"href":"https:\/\/podernacional.com\/index.php?rest_route=\/wp\/v2\/types\/post"}],"author":[{"embeddable":true,"href":"https:\/\/podernacional.com\/index.php?rest_route=\/wp\/v2\/users\/1"}],"replies":[{"embeddable":true,"href":"https:\/\/podernacional.com\/index.php?rest_route=%2Fwp%2Fv2%2Fcomments&post=1957"}],"version-history":[{"count":0,"href":"https:\/\/podernacional.com\/index.php?rest_route=\/wp\/v2\/posts\/1957\/revisions"}],"wp:featuredmedia":[{"embeddable":true,"href":"https:\/\/podernacional.com\/index.php?rest_route=\/wp\/v2\/media\/1958"}],"wp:attachment":[{"href":"https:\/\/podernacional.com\/index.php?rest_route=%2Fwp%2Fv2%2Fmedia&parent=1957"}],"wp:term":[{"taxonomy":"category","embeddable":true,"href":"https:\/\/podernacional.com\/index.php?rest_route=%2Fwp%2Fv2%2Fcategories&post=1957"},{"taxonomy":"post_tag","embeddable":true,"href":"https:\/\/podernacional.com\/index.php?rest_route=%2Fwp%2Fv2%2Ftags&post=1957"}],"curies":[{"name":"wp","href":"https:\/\/api.w.org\/{rel}","templated":true}]}}