{"id":19611,"date":"2023-11-27T21:58:21","date_gmt":"2023-11-28T02:58:21","guid":{"rendered":"https:\/\/podernacional.com\/?p=19611"},"modified":"2023-11-28T02:58:29","modified_gmt":"2023-11-28T02:58:29","slug":"lowe-leon-habria-enviado-indirecta-a-andrea-valdiri-en-su-ultima-cancion","status":"publish","type":"post","link":"https:\/\/podernacional.com\/?p=19611","title":{"rendered":"Lowe Le\u00f3n habr\u00eda enviado indirecta a Andrea Valdiri en su \u00faltima canci\u00f3n"},"content":{"rendered":"<div class=\"col-12\">\n<h4 style=\"text-align: center;\">Aunque la canci\u00f3n sali\u00f3 hace un mes, Lowe Le\u00f3n se est\u00e1 haciendo viral por una frase del tema que ser\u00eda para Andrea Valdiri.<\/h4>\n<\/div>\n<div class=\"col-md-12 col-lg-8 col-xl-9\">\n<p>En las redes sociales no se ha dejado de hablar de la actual situaci\u00f3n sentimental de la bailarina barranquillera<strong>\u00a0Andrea Valdiri, pues se acaba de divorciar de una de las parejas que m\u00e1s le han admirado las fans, el tambi\u00e9n influencer santandereano\u00a0Felipe Saruma.<\/strong><\/p>\n<p>Como este tema est\u00e1 en tendencia, recientemente recordaron la \u00faltima canci\u00f3n de\u00a0<strong>Lowe Le\u00f3n, la expareja m\u00e1s reciente de la creadora de contenido, pues fue una relaci\u00f3n que termin\u00f3 mal y que incluso tuvo temas legales<\/strong>\u00a0con la hija que tuvieron juntos,\u00a0<strong>Adhara<\/strong>. La canci\u00f3n se llama \u2018<strong>Se meti\u00f3 el Le\u00f3n\u2019<\/strong>\u00a0y es un merengue que lanz\u00f3 hace poco menos de<strong>\u00a0un mes.<\/strong><\/p>\n<p>La canci\u00f3n es\u00a0<strong>justamente una pulla a quienes lo critican y una exaltaci\u00f3n a su trabajo. Hay una fresa, de hecho, que estar\u00eda dirigida\u00a0<\/strong>a las cr\u00edticas que le han hecho las seguidoras de\u00a0<strong>Andrea<\/strong>\u00a0por su papel como padre de su hija, ni\u00f1a que ve a\u00a0<strong>Felipe Saruma\u00a0<\/strong>m\u00e1s como un pap\u00e1 que a \u00e9l.<\/p>\n<blockquote><p>\u201cPor ah\u00ed me dicen que soy mal padre, no le hago caso, me vale madr*\u201d dice la parte de la canci\u00f3n que algunos consideran como una indirecta a Valdiri.<\/p><\/blockquote>\n<p>As\u00ed pues, una cuenta de Instagram de chismes llamada \u2018Notifamosos\u2019 record\u00f3 esta interesante canci\u00f3n y explic\u00f3 que as\u00ed est\u00e1 Lowe mientras ve el mundo arder, pues recordemos que, desde que se separaron Valdiri y Saruma, se han hecho dos bandos defendiendo a cada uno de los influencers, pues a\u00fan no se conocen muy bien las causas de la separaci\u00f3n.<\/p>\n<\/div>\n","protected":false},"excerpt":{"rendered":"<p>Aunque la canci\u00f3n sali\u00f3 hace un mes, Lowe Le\u00f3n se est\u00e1 haciendo viral por una frase del tema que ser\u00eda para Andrea Valdiri. En las redes sociales no se ha dejado de hablar de la actual situaci\u00f3n sentimental de la bailarina barranquillera\u00a0Andrea Valdiri, pues se acaba de divorciar de una de las parejas que m\u00e1s [&hellip;]<\/p>\n","protected":false},"author":1,"featured_media":19613,"comment_status":"open","ping_status":"closed","sticky":false,"template":"","format":"standard","meta":{"footnotes":""},"categories":[4],"tags":[],"class_list":["post-19611","post","type-post","status-publish","format-standard","has-post-thumbnail","hentry","category-espectaculos"],"_links":{"self":[{"href":"https:\/\/podernacional.com\/index.php?rest_route=\/wp\/v2\/posts\/19611","targetHints":{"allow":["GET"]}}],"collection":[{"href":"https:\/\/podernacional.com\/index.php?rest_route=\/wp\/v2\/posts"}],"about":[{"href":"https:\/\/podernacional.com\/index.php?rest_route=\/wp\/v2\/types\/post"}],"author":[{"embeddable":true,"href":"https:\/\/podernacional.com\/index.php?rest_route=\/wp\/v2\/users\/1"}],"replies":[{"embeddable":true,"href":"https:\/\/podernacional.com\/index.php?rest_route=%2Fwp%2Fv2%2Fcomments&post=19611"}],"version-history":[{"count":1,"href":"https:\/\/podernacional.com\/index.php?rest_route=\/wp\/v2\/posts\/19611\/revisions"}],"predecessor-version":[{"id":19612,"href":"https:\/\/podernacional.com\/index.php?rest_route=\/wp\/v2\/posts\/19611\/revisions\/19612"}],"wp:featuredmedia":[{"embeddable":true,"href":"https:\/\/podernacional.com\/index.php?rest_route=\/wp\/v2\/media\/19613"}],"wp:attachment":[{"href":"https:\/\/podernacional.com\/index.php?rest_route=%2Fwp%2Fv2%2Fmedia&parent=19611"}],"wp:term":[{"taxonomy":"category","embeddable":true,"href":"https:\/\/podernacional.com\/index.php?rest_route=%2Fwp%2Fv2%2Fcategories&post=19611"},{"taxonomy":"post_tag","embeddable":true,"href":"https:\/\/podernacional.com\/index.php?rest_route=%2Fwp%2Fv2%2Ftags&post=19611"}],"curies":[{"name":"wp","href":"https:\/\/api.w.org\/{rel}","templated":true}]}}